{"id":521,"date":"2019-11-22T08:25:00","date_gmt":"2019-11-22T06:25:00","guid":{"rendered":"https:\/\/www.innside.at\/?p=521"},"modified":"2019-11-22T12:35:37","modified_gmt":"2019-11-22T10:35:37","slug":"innside-jazz-blues-in-innsbruck","status":"publish","type":"post","link":"https:\/\/www.innside.at\/?p=521","title":{"rendered":"Innside Jazz Blues in Innsbruck !"},"content":{"rendered":"\n<p class=\"has-large-font-size\">NEXT Innside Jazz Blues  EVENT  live@innside !<\/p>\n\n\n\n<p style=\"font-size:30px\">Donnerstag  28. November 2019, 20:15 Uhr<\/p>\n\n\n\n<p class=\"has-huge-font-size\">Kirchmair Quartett<\/p>\n\n\n\n<p class=\"has-large-font-size\">Rupert Kirchmair &#8211; Klavier<br>\nFlorian Bramb\u00f6ck &#8211; Saxophon<br>\nFlo Baumgartner &#8211; Schlagzeug<br>\nJohannes Sigl &#8211; Bass<\/p>\n\n\n\n<p>F\u00fcr die Besetzung seines Quartetts hat Rupert Kirchmair Routiniers der Tiroler Jazzszene um sich geschart: Florian Bramb\u00f6ck am Saxophon, Flo Baumgartner am Schlagzeug und Johannes Sigl am Bass. Unverwechselbar sollte die eigene Musik sein, aber dennoch von der Tradition gepr\u00e4gt. Entstanden ist eine Band, die Einfl\u00fcsse aus der Rock\u00ad und der klassischen Musik aufnimmt und zu einem neuen Ganzen verbindet \u2013 von lyrisch filigran bis ekstatisch spr\u00fchend. <\/p>\n\n\n\n<p>H\u00f6rproben:<\/p>\n\n\n\n<figure class=\"wp-block-embed-youtube wp-block-embed is-type-video is-provider-youtube wp-embed-aspect-16-9 wp-has-aspect-ratio\"><div class=\"wp-block-embed__wrapper\">\n<iframe loading=\"lazy\" title=\"L\u00e1szl\u00f3 Demeter mit Rupert Kirchmair Quartett\" width=\"584\" height=\"329\" src=\"https:\/\/www.youtube.com\/embed\/9bIkRA6JeqY?feature=oembed\" frameborder=\"0\" allow=\"accelerometer; autoplay; clipboard-write; encrypted-media; gyroscope; picture-in-picture; web-share\" referrerpolicy=\"strict-origin-when-cross-origin\" allowfullscreen><\/iframe>\n<\/div><\/figure>\n\n\n\n<figure class=\"wp-block-embed-youtube wp-block-embed is-type-video is-provider-youtube wp-embed-aspect-16-9 wp-has-aspect-ratio\"><div class=\"wp-block-embed__wrapper\">\n<iframe loading=\"lazy\" title=\"L\u00e1szl\u00f3 Demeter mit Rupert Kirchmair Quartett\" width=\"584\" height=\"329\" src=\"https:\/\/www.youtube.com\/embed\/xmaR9U8AlkA?feature=oembed\" frameborder=\"0\" allow=\"accelerometer; autoplay; clipboard-write; encrypted-media; gyroscope; picture-in-picture; web-share\" referrerpolicy=\"strict-origin-when-cross-origin\" allowfullscreen><\/iframe>\n<\/div><\/figure>\n\n\n\n<p><a href=\"https:\/\/www.youtube.com\/watch?v=soXNXIQTRsE\">https:\/\/www.youtube.com\/watch?v=soXNXIQTRsE<\/a><\/p>\n\n\n\n<p>Das war der Mai 2019:<\/p>\n\n\n\n<p><\/p>\n\n\n\n<p><\/p>\n\n\n\n<p>Leider ist Roberta Piket erkrankt und konnte die Reise nach Europa nicht antreten. Ihr Ehemann Billy Mintz ist an ihrer Seite.Beide bedauern dies sehr und schicken ihren Bassisten Masa Kamaguchi zu uns. Daher k\u00f6nnen wir folgendes Ersatzprogramm bieten:<\/p>\n\n\n\n<p style=\"font-size:32px\"><strong>Donnerstag, 02. Mai 2019, 20:15 Uhr<\/strong><\/p>\n\n\n\n<p style=\"font-size:21px\"><strong>ROLAND HEINZ \/ MASA KAMAGUCHI \/ WOLFI RAINER<\/strong><br><\/p>\n\n\n\n<p class=\"has-huge-font-size\"><strong>MODERN JAZZ TRIO<\/strong><\/p>\n\n\n\n<p style=\"font-size:23px\"> <strong>Roland Heinz &#8211; Gitarre<br> Masa Kamaguchi  &#8211; Bass<br> Wolfi Rainer &#8211; Schlagzeug<\/strong><\/p>\n\n\n\n<figure class=\"wp-block-image\"><img loading=\"lazy\" decoding=\"async\" width=\"1024\" height=\"696\" src=\"https:\/\/www.innside.at\/wp-content\/uploads\/2019\/04\/Heinz_wm-1024x696.jpg\" alt=\"\" class=\"wp-image-716\" srcset=\"https:\/\/www.innside.at\/wp-content\/uploads\/2019\/04\/Heinz_wm-1024x696.jpg 1024w, https:\/\/www.innside.at\/wp-content\/uploads\/2019\/04\/Heinz_wm-300x204.jpg 300w, https:\/\/www.innside.at\/wp-content\/uploads\/2019\/04\/Heinz_wm-768x522.jpg 768w, https:\/\/www.innside.at\/wp-content\/uploads\/2019\/04\/Heinz_wm-441x300.jpg 441w, https:\/\/www.innside.at\/wp-content\/uploads\/2019\/04\/Heinz_wm.jpg 1064w\" sizes=\"auto, (max-width: 1024px) 100vw, 1024px\" \/><\/figure>\n\n\n\n<p><strong>Roberta Piket ist leider erkrankt, daher muss das Jazz-Konzert in dieser  unten angef\u00fchrten Besetzung abgesagt bzw. auf unbestimmte Zeit verschoben werden !<\/strong><\/p>\n\n\n\n<p style=\"font-size:24px\"><strong>Donnerstag, 02. Mai 2019, 20:15 Uhr<\/strong><\/p>\n\n\n\n<p class=\"has-medium-font-size\"><strong>ROLAND HEINZ \/ ROBERTA PIKET \/ BILLY MINTZ<br> MODERN JAZZ TRIO<br> Roberta Piket  &#8211; Klavier<br> Roland Heinz &#8211; Gitarre<br> Billy Mintz &#8211; Drums<\/strong><\/p>\n\n\n\n<p>Roberta Piket und Billy Mintz reisen aus New York an.<\/p>\n\n\n\n<p><a href=\"http:\/\/www.rolandheinz.com\">www.rolandheinz.com<\/a><br> <a href=\"http:\/\/www.robertajazz.com\">www.robertajazz.com<\/a><br><a href=\"http:\/\/www.billymintz.com\"> www.billymintz.com<\/a> <\/p>\n\n\n\n<p><a href=\"http:\/\/www.facebook.com\\innside.pilspub\">www.facebook.com\\innside.pilspub<\/a><\/p>\n\n\n\n<figure class=\"wp-block-image\"><img decoding=\"async\" src=\"https:\/\/www.innside.at\/wp-content\/uploads\/2019\/04\/Roberta_kl_wm.jpg\" alt=\"Innside Jazz Blues in Innsbruck\"\/><figcaption>Roberta Piket &#x6c;&#x69;&#118;&#101;&#64;i&#x6e;&#x6e;&#x73;&#105;de&#x2e;&#x61;&#x74; 2016<\/figcaption><\/figure>\n\n\n\n<figure class=\"wp-block-image\"><img decoding=\"async\" src=\"https:\/\/www.innside.at\/wp-content\/uploads\/2019\/04\/RolandBilly_kl_wm.jpg\" alt=\"Dieses Bild hat ein leeres Alt-Attribut. Der Dateiname ist RolandBilly_kl_wm.jpg\"\/><figcaption>Billy Mintz and Roland Heinz &#x6c;i&#x76;&#101;&#x40;&#105;n&#x6e;&#115;&#x69;&#100;e&#x2e;&#97;&#x74;  2016<\/figcaption><\/figure>\n\n\n\n<p>Schreib etwas oder tippe \/ zur Blockauswahl<\/p>\n\n\n\n<p><strong>R\u00fcckblick auf das Jahr 2018<\/strong><\/p>\n\n\n\n<p><strong>Innside Jazz Blues in Innsbruck !<\/strong><br><\/p>\n\n\n\n<figure class=\"wp-block-image\"><a href=\"https:\/\/www.innside.at\/wp-content\/uploads\/2018\/10\/20181108_Kirchmair_Quartett.jpg\"><img loading=\"lazy\" decoding=\"async\" width=\"300\" height=\"216\" src=\"https:\/\/www.innside.at\/wp-content\/uploads\/2018\/10\/20181108_Kirchmair_Quartett-300x216.jpg\" alt=\"Innnide Jazz Blues in Innsbruck\" class=\"wp-image-674\" srcset=\"https:\/\/www.innside.at\/wp-content\/uploads\/2018\/10\/20181108_Kirchmair_Quartett-300x216.jpg 300w, https:\/\/www.innside.at\/wp-content\/uploads\/2018\/10\/20181108_Kirchmair_Quartett-768x552.jpg 768w, https:\/\/www.innside.at\/wp-content\/uploads\/2018\/10\/20181108_Kirchmair_Quartett-1024x736.jpg 1024w, https:\/\/www.innside.at\/wp-content\/uploads\/2018\/10\/20181108_Kirchmair_Quartett-417x300.jpg 417w\" sizes=\"auto, (max-width: 300px) 100vw, 300px\" \/><\/a><\/figure>\n\n\n\n<p><strong>Donnerstag 08. November 2018, 20:15 Uhr<\/strong><strong>Kirchmair Quartett<\/strong><strong>Rupert Kirchmair &#8211; Klavier<br>Florian Bramb\u00f6ck &#8211; Saxophon<br>Flo Baumgartner &#8211; Schlagzeug<br>Johannes Sigl &#8211; Bass<br><\/strong><\/p>\n\n\n\n<p>F\u00fcr\n die Besetzung seines Quartetts hat Rupert Kirchmair Routiniers der \nTiroler Jazzszene um sich geschart: Florian Bramb\u00f6ck am Saxophon, Flo \nBaumgartner am Schlagzeug und Johannes Sigl am Bass. Unverwechselbar \nsollte die eigene Musik sein, aber dennoch von der Tradition gepr\u00e4gt. \nEntstanden ist eine Band, die Einfl\u00fcsse aus der Rock\u00ad und der \nklassischen Musik aufnimmt und zu einem neuen Ganzen verbindet \u2013 von \nlyrisch filigran bis ekstatisch spr\u00fchend.<strong>H\u00f6rproben:<\/strong><br><strong>https:\/\/www.youtube.com\/watch?v=9bIkRA6JeqY<\/strong><strong>https:\/\/www.youtube.com\/watch?v=xmaR9U8AlkA<\/strong><strong>https:\/\/www.youtube.com\/watch?v=soXNXIQTRsE<\/strong><br><\/p>\n\n\n\n<p><strong>Innside Jazz Blues in Innsbruck<\/strong><\/p>\n\n\n\n<p>live@innside !<\/p>\n\n\n\n<p><strong>Freitag 24.03.2017, 201:15 Uhr<\/strong><\/p>\n\n\n\n<figure class=\"wp-block-image\"><a href=\"https:\/\/www.innside.at\/wp-content\/uploads\/2016\/10\/13932852_865777490223941_7846063559987926155_n.jpg\"><img loading=\"lazy\" decoding=\"async\" width=\"300\" height=\"111\" src=\"https:\/\/www.innside.at\/wp-content\/uploads\/2016\/10\/13932852_865777490223941_7846063559987926155_n-300x111.jpg\" alt=\"Innside Jazz Blues in Innsbruck\" class=\"wp-image-618\" srcset=\"https:\/\/www.innside.at\/wp-content\/uploads\/2016\/10\/13932852_865777490223941_7846063559987926155_n-300x111.jpg 300w, https:\/\/www.innside.at\/wp-content\/uploads\/2016\/10\/13932852_865777490223941_7846063559987926155_n-768x283.jpg 768w, https:\/\/www.innside.at\/wp-content\/uploads\/2016\/10\/13932852_865777490223941_7846063559987926155_n-500x184.jpg 500w, https:\/\/www.innside.at\/wp-content\/uploads\/2016\/10\/13932852_865777490223941_7846063559987926155_n.jpg 851w\" sizes=\"auto, (max-width: 300px) 100vw, 300px\" \/><\/a><\/figure>\n\n\n\n<p><strong>FernAndra &#8211; chansons de la vie<\/strong><\/p>\n\n\n\n<p><strong> Laura Marberger, Gesang <\/strong><\/p>\n\n\n\n<p><strong>Felix Kremsner, Gitarre<br><\/strong><\/p>\n\n\n\n<p>FernAndra\n interpretieren Chansons, Jazz &amp; Blues Standards in eigenen \nArrangements, wobei sie sich Elementen des Bossa Nova und Swing \nbedienen.<br>Die beeindruckende Stimme der S\u00e4ngerin Laura Marberger in \nBegleitung von Gitarrist Felix Kremsner zieht die Zuh\u00f6rer vom ersten \nAugenblick an in ihren Bann und hinterl\u00e4sst einen unvergesslichen \nEindruck.<\/p>\n\n\n\n<p><strong>Innside Jazz Blues in Innsbruck<\/strong><\/p>\n\n\n\n<p>live@innside !<\/p>\n\n\n\n<p><strong>Freitag 24.02.2017, 20:15 Uhr<\/strong><\/p>\n\n\n\n<p><strong>Stephan Costa Trio<\/strong><br>as Moonlight-Trio starring<br>Stephan Costa &#8211; Piano<br>Romed Hopfgartner &#8211; Sax<br>Wolfgang Rainer &#8211; Drums<\/p>\n\n\n\n<p>mit eigenen Kompositionen und Bearbeitungen in kleiner Besetzung !<br>Viel sch\u00f6ne Musik ! Ein paar Titel von Jan Garbarek werden auch dabei sein !<\/p>\n\n\n\n<figure class=\"wp-block-image\"><a href=\"https:\/\/www.innside.at\/wp-content\/uploads\/2016\/10\/Stphan_Costa_Trio_2016_kl.png\"><img loading=\"lazy\" decoding=\"async\" width=\"176\" height=\"300\" src=\"https:\/\/www.innside.at\/wp-content\/uploads\/2016\/10\/Stphan_Costa_Trio_2016_kl-176x300.png\" alt=\"Innside Jazz Blues in Innsbruck\" class=\"wp-image-597\" srcset=\"https:\/\/www.innside.at\/wp-content\/uploads\/2016\/10\/Stphan_Costa_Trio_2016_kl-176x300.png 176w, https:\/\/www.innside.at\/wp-content\/uploads\/2016\/10\/Stphan_Costa_Trio_2016_kl.png 600w\" sizes=\"auto, (max-width: 176px) 100vw, 176px\" \/><\/a><\/figure>\n\n\n\n<p>Stephan Costa Trio 2016 live@innside<\/p>\n\n\n\n<p><strong>Stephan Costa Trio 2017<\/strong><\/p>\n\n\n\n<p><strong>Moonlight Trio<\/strong><\/p>\n\n\n\n<figure class=\"wp-block-image\"><a href=\"https:\/\/www.innside.at\/wp-content\/uploads\/2016\/10\/Stephan-Costa-Foto-2_kl.jpg\"><img loading=\"lazy\" decoding=\"async\" width=\"150\" height=\"218\" src=\"https:\/\/www.innside.at\/wp-content\/uploads\/2016\/10\/Stephan-Costa-Foto-2_kl.jpg\" alt=\"Innside Jazz Blues in Innsbruck\" class=\"wp-image-599\"\/><\/a><\/figure>\n\n\n\n<p><strong>Stephan Costa &#8211; Klavier<\/strong><\/p>\n\n\n\n<p>Stephan\n Costa studierte Klavier Jazz und Komosition\/Arrangement bei Harald \nNeuwirth\/ Helmuth Iberer\/ Dejan Pecenko und Christoph Cech&nbsp; an der \nMusikhochschule Graz bzw Bruckner-Privatuniversit\u00e4t&nbsp; in Linz. Seit \nseinem 16. Lebensjahr besch\u00e4ftigt er sich mit dem Thema Jazz \nImprovisation. Durch zahlreiche Projekte und Auftritte vom Solo bis zur \nBig Band, sowie Meisterkurse bei Ellis Marsalis, Ray Anderson, Franco \nd\u00b4Andrea und Joey Calderazzo verf\u00fcgt er \u00fcber lange Erfahrung in \nverschiedensten Klangk\u00f6rpern. Im Rahmen seiner Unterrichtst\u00e4tigkeit&nbsp; \nkonnte er mit internationalen Musikern wie Bob Mintzer, Randy Brecker, \nMaria Schneider, Ray Anderson,&nbsp; Ernie Watts, Niels Landgren , Wolfgang \nMitterer u.a. zusammenarbeiten. Live-Auftritte und CD-Produktionen mit \nverschiedenen Tiroler Formationen (die Erben, Stephan Costa Trio, \nJazzorchester Tirol) im In- und Ausland; Zahlreiche Theaterengagements \nals Komponist, musikalischer Leiter oder Pianist erg\u00e4nzen seine \nmusikalische Arbeit. Seit 1991 leitet Stephan Costa den Fachbereich Jazz\n &amp; improvisierte Musik am Tiroler Landeskonservatorium und \nunterrichtet auch am Mozarteum Innsbruck.<\/p>\n\n\n\n<figure class=\"wp-block-image\"><a href=\"https:\/\/www.innside.at\/wp-content\/uploads\/2016\/10\/Romed_Hopfgartner_1kl.jpeg\"><img loading=\"lazy\" decoding=\"async\" width=\"150\" height=\"225\" src=\"https:\/\/www.innside.at\/wp-content\/uploads\/2016\/10\/Romed_Hopfgartner_1kl.jpeg\" alt=\"Innside Jazz Blues in Innsbruck\" class=\"wp-image-600\"\/><\/a><\/figure>\n\n\n\n<figure class=\"wp-block-image\"><a href=\"https:\/\/www.innside.at\/wp-content\/uploads\/2016\/10\/Romed_Hopfgartner_2_KI.jpg\"><img loading=\"lazy\" decoding=\"async\" width=\"150\" height=\"53\" src=\"https:\/\/www.innside.at\/wp-content\/uploads\/2016\/10\/Romed_Hopfgartner_2_KI.jpg\" alt=\"Innside Jazz Blues in Innsbruck\" class=\"wp-image-601\"\/><\/a><\/figure>\n\n\n\n<p><strong>Romed Hopfgartner &#8211; Sax<\/strong><\/p>\n\n\n\n<p>Romed\n Hopfgartner studierte am Tiroler Landeskonservatorium in Innsbruck und \nan der Universit\u00e4t f\u00fcr Musik und darstellender Kunst in Wien. Er erhielt\n den Solistenpreis beim Tiroler Jazzwettbewerb 2000. Seit 2007 ist er \nneben seiner k\u00fcnstlerischen T\u00e4tigkeit Lehrbeauftragter am Mozarteum \nInnsbruck. Der in Wien lebende Saxophonist ist seit \u00fcber 10 Jahren in \nder Jazzszene aktiv und als Mitwirkende bei Nenad Vasilic, Franui, \nNouvelle Cuisine Big Band, u.a. zu h\u00f6ren. Obwohl sein Spiel im \nwesentlichen in der langen Jazztradition verwurzelt ist, sind seine \nklassische Ausbildung sowie der musikalische Austausch mit \nbrasilianischen (Alegre Correa, Lili Araujo, usw.) und serbischen (Nenad\n Vasilic) K\u00fcnstlern und die Leidenschaft f\u00fcr afrikanische Musik \nInspirationsquellen f\u00fcr sein eigenes Schaffen. Genau diese Aspekte geben\n seiner Musik eine einzigartige und unverwechselbare Qualit\u00e4t, die einem\n gleichzeitig bekannt aber auch innovativ vorkommen. 2016 erhielt Romed \nHopfgartner den TAT Jazzpreis der Stadt Innsbruck.<\/p>\n\n\n\n<figure class=\"wp-block-image\"><a href=\"https:\/\/www.innside.at\/wp-content\/uploads\/2016\/10\/wolfi-rainer_kl.jpg\"><img loading=\"lazy\" decoding=\"async\" width=\"150\" height=\"219\" src=\"https:\/\/www.innside.at\/wp-content\/uploads\/2016\/10\/wolfi-rainer_kl.jpg\" alt=\"Innside Jazz Blues in Innsbruck\" class=\"wp-image-602\"\/><\/a><\/figure>\n\n\n\n<p><strong>Wolfgang Rainer &#8211; Drums<\/strong><\/p>\n\n\n\n<p>Wolfgang\n Rainer, Drums Geboren am 22.10.1977 in Innsbruck. Mit 13 Jahren \nentdeckt er das Schlagzeug f\u00fcr sich. Zuerst Musikschule und \nKonservatorium in Innsbruck, dann ein Studium im Bereich Jazz-Schlagzeug\n an der Universit\u00e4t f\u00fcr Musik und darstellenden Kunst in Graz. 2005 \nschliesst er dieses mit Auszeichnung ab. Der W\u00fcrdigungspreis des Rektor \nerm\u00f6glicht ihm einen Fortbildungsaufenthalt in New York, wo er 2007 in \nBrooklyn sein Debutalbum \u201eWolfi Rainer\u2019s Gotham Tales\u201c zusammen mit \nGeorge Garzone, David Gilmore, Mike Holober und Kenny Davis aufnimmt.<\/p>\n\n\n\n<p>Zur\u00fcck\n in Europa verlegt er seinen Lebensmittelpunkt nach Wien und arbeitet \nu.a. zusammen mit Erich Kleinschuster, Karl Ratzer, Ray Anderson, Mino \nCinelu, dem Ed Partyka \u2013Flip Philipp Dectet, der Robert Bachner Big \nBand, u.v.a.. Er spielt auf Festivals in \u00d6sterreich, Deutschland, \nItalien, in Osteuropa, USA und Japan.<\/p>\n\n\n\n<p>2014 wurde ihm der Jazzpreis der Stadt Innsbruck verliehen.<\/p>\n\n\n\n<p><strong>Innside Jazz Blues in Innsbruck<\/strong><\/p>\n\n\n\n<p>live@innside !<\/p>\n\n\n\n<p><strong>Freitag, 20. J\u00e4nner 2017, 20:15 Uhr<\/strong><\/p>\n\n\n\n<p><strong>AVANT JAZZ<\/strong><\/p>\n\n\n\n<p><strong>Roland Heinz &#8211; Guitar, Synth<\/strong><br><strong>Elmar Guantes &#8211; Double Bass<\/strong><br><strong>Charlie Fischer &#8211; Drums<\/strong><\/p>\n\n\n\n<figure class=\"wp-block-image\"><a href=\"https:\/\/www.innside.at\/wp-content\/uploads\/2016\/02\/Roland_Heinz.jpg\"><img loading=\"lazy\" decoding=\"async\" width=\"225\" height=\"300\" src=\"https:\/\/www.innside.at\/wp-content\/uploads\/2016\/02\/Roland_Heinz-225x300.jpg\" alt=\"Innside Jazz Blues in Innsbruck\" class=\"wp-image-493\" srcset=\"https:\/\/www.innside.at\/wp-content\/uploads\/2016\/02\/Roland_Heinz-225x300.jpg 225w, https:\/\/www.innside.at\/wp-content\/uploads\/2016\/02\/Roland_Heinz-768x1024.jpg 768w, https:\/\/www.innside.at\/wp-content\/uploads\/2016\/02\/Roland_Heinz.jpg 1560w\" sizes=\"auto, (max-width: 225px) 100vw, 225px\" \/><\/a><\/figure>\n\n\n\n<p>Roland Heinz<\/p>\n\n\n\n<figure class=\"wp-block-image\"><a href=\"https:\/\/www.innside.at\/wp-content\/uploads\/2017\/01\/guantes_bunt.jpg\"><img loading=\"lazy\" decoding=\"async\" width=\"275\" height=\"206\" src=\"https:\/\/www.innside.at\/wp-content\/uploads\/2017\/01\/guantes_bunt.jpg\" alt=\"Innside Jazz Blues in Innsbruck\" class=\"wp-image-593\"\/><\/a><\/figure>\n\n\n\n<p>Elmar Guantes<\/p>\n\n\n\n<figure class=\"wp-block-image\"><a href=\"https:\/\/www.innside.at\/wp-content\/uploads\/2017\/01\/charlie_fischer.jpg\"><img loading=\"lazy\" decoding=\"async\" width=\"263\" height=\"300\" src=\"https:\/\/www.innside.at\/wp-content\/uploads\/2017\/01\/charlie_fischer-263x300.jpg\" alt=\"Innside Jazz Blues in Innsbruck\" class=\"wp-image-594\" srcset=\"https:\/\/www.innside.at\/wp-content\/uploads\/2017\/01\/charlie_fischer-263x300.jpg 263w, https:\/\/www.innside.at\/wp-content\/uploads\/2017\/01\/charlie_fischer.jpg 300w\" sizes=\"auto, (max-width: 263px) 100vw, 263px\" \/><\/a><\/figure>\n\n\n\n<p>Charlie Fischer<\/p>\n\n\n\n<p><strong>&nbsp;Das war das Innside Jazz Blues in Innsbruck Event November 2016<br><\/strong><\/p>\n\n\n\n<figure class=\"wp-block-image\"><a href=\"https:\/\/www.innside.at\/wp-content\/uploads\/2016\/10\/IMG_5626-e1480243395730.jpg\"><img loading=\"lazy\" decoding=\"async\" width=\"200\" height=\"300\" src=\"https:\/\/www.innside.at\/wp-content\/uploads\/2016\/10\/IMG_5626-e1480243395730-200x300.jpg\" alt=\"Jazz Blues in Innsbruck\" class=\"wp-image-585\" srcset=\"https:\/\/www.innside.at\/wp-content\/uploads\/2016\/10\/IMG_5626-e1480243395730-200x300.jpg 200w, https:\/\/www.innside.at\/wp-content\/uploads\/2016\/10\/IMG_5626-e1480243395730-768x1152.jpg 768w, https:\/\/www.innside.at\/wp-content\/uploads\/2016\/10\/IMG_5626-e1480243395730-683x1024.jpg 683w, https:\/\/www.innside.at\/wp-content\/uploads\/2016\/10\/IMG_5626-e1480243395730.jpg 1728w\" sizes=\"auto, (max-width: 200px) 100vw, 200px\" \/><\/a><\/figure>\n\n\n\n<figure class=\"wp-block-image\"><a href=\"https:\/\/www.innside.at\/wp-content\/uploads\/2016\/10\/IMG_5633.jpg\"><img loading=\"lazy\" decoding=\"async\" width=\"300\" height=\"200\" src=\"https:\/\/www.innside.at\/wp-content\/uploads\/2016\/10\/IMG_5633-300x200.jpg\" alt=\"Jazz Blues in Innsbruck\" class=\"wp-image-586\" srcset=\"https:\/\/www.innside.at\/wp-content\/uploads\/2016\/10\/IMG_5633-300x200.jpg 300w, https:\/\/www.innside.at\/wp-content\/uploads\/2016\/10\/IMG_5633-768x512.jpg 768w, https:\/\/www.innside.at\/wp-content\/uploads\/2016\/10\/IMG_5633-1024x683.jpg 1024w, https:\/\/www.innside.at\/wp-content\/uploads\/2016\/10\/IMG_5633-450x300.jpg 450w\" sizes=\"auto, (max-width: 300px) 100vw, 300px\" \/><\/a><\/figure>\n\n\n\n<p><strong>Innside Jazz Blues in Innsbruck 2016-2017 had its next event:<br><\/strong><\/p>\n\n\n\n<h1 class=\"wp-block-heading\"><strong>Friday 25.11.2016 &#8211; 20:15<\/strong><\/h1>\n\n\n\n<p>In tribute to McCoy Tyner<\/p>\n\n\n\n<figure class=\"wp-block-image\"><a href=\"https:\/\/www.innside.at\/wp-content\/uploads\/2016\/10\/IMG_5643.jpg\"><img loading=\"lazy\" decoding=\"async\" width=\"300\" height=\"200\" src=\"https:\/\/www.innside.at\/wp-content\/uploads\/2016\/10\/IMG_5643-300x200.jpg\" alt=\"Innside Jazz Blues in Innsbruck\" class=\"wp-image-587\" srcset=\"https:\/\/www.innside.at\/wp-content\/uploads\/2016\/10\/IMG_5643-300x200.jpg 300w, https:\/\/www.innside.at\/wp-content\/uploads\/2016\/10\/IMG_5643-768x512.jpg 768w, https:\/\/www.innside.at\/wp-content\/uploads\/2016\/10\/IMG_5643-1024x683.jpg 1024w, https:\/\/www.innside.at\/wp-content\/uploads\/2016\/10\/IMG_5643-450x300.jpg 450w\" sizes=\"auto, (max-width: 300px) 100vw, 300px\" \/><\/a><\/figure>\n\n\n\n<p>Koell &#8211; S\u00f6lkner &#8211; Sigl<\/p>\n\n\n\n<p><strong>performing live:<\/strong><\/p>\n\n\n\n<p><strong>Sara Koell &#8211; vocals<br><\/strong><\/p>\n\n\n\n<p><strong>Robert S\u00f6lkner &#8211; piano<br><\/strong><\/p>\n\n\n\n<p><strong>Johannes Henry Sigl &#8211; bass<\/strong><\/p>\n\n\n\n<p><strong>in tribute to <\/strong><\/p>\n\n\n\n<h2 class=\"wp-block-heading\"><strong>Jazz Legend Mc Coy Tyner<\/strong><\/h2>\n\n\n\n<figure class=\"wp-block-image\"><a href=\"https:\/\/www.innside.at\/wp-content\/uploads\/2016\/11\/Mccoy_Tyner_1973_gh.jpg\"><img loading=\"lazy\" decoding=\"async\" width=\"170\" height=\"255\" src=\"https:\/\/www.innside.at\/wp-content\/uploads\/2016\/11\/Mccoy_Tyner_1973_gh.jpg\" alt=\"Mc Coy Tyner 1973\" class=\"wp-image-566\"\/><\/a><\/figure>\n\n\n\n<p>Mc Coy Tyner 1973 (Quelle: Wikipedia)<\/p>\n\n\n\n<h2 class=\"wp-block-heading\"><strong>Mc Coy Tyner &#8211; Vita:<\/strong><\/h2>\n\n\n\n<p><strong>Alfred McCoy Tyner<\/strong> (* <a href=\"https:\/\/de.wikipedia.org\/wiki\/11._Dezember\">11. Dezember<\/a> <a href=\"https:\/\/de.wikipedia.org\/wiki\/1938\">1938<\/a> in <a href=\"https:\/\/de.wikipedia.org\/wiki\/Philadelphia\">Philadelphia<\/a>, <a href=\"https:\/\/de.wikipedia.org\/wiki\/Pennsylvania\">Pennsylvania<\/a>)\n ist ein amerikanischer Jazzpianist und Komponist, er ist der Bruder des\n kommunistischen Politikers und fr\u00fcheren Kandidaten f\u00fcr das \nVizepr\u00e4sidentenamt der Vereinigten Staaten <a href=\"https:\/\/de.wikipedia.org\/wiki\/Jarvis_Tyner\">Jarvis Tyner<\/a>.<\/p>\n\n\n\n<p>Ab 1959 spielte er f\u00fcr sechs Monate im <em>Jazztet<\/em> von <a href=\"https:\/\/de.wikipedia.org\/wiki\/Art_Farmer\">Art Farmer<\/a> und <a href=\"https:\/\/de.wikipedia.org\/wiki\/Benny_Golson\">Benny Golson<\/a>, bevor er sich 1960 John Coltrane anschloss, mit dem er im selben Jahr <em><a href=\"https:\/\/de.wikipedia.org\/wiki\/Coltrane_Plays_the_Blues\">Coltrane Plays the Blues<\/a><\/em> einspielte. 1962 entstand das klassische <em><a href=\"https:\/\/de.wikipedia.org\/wiki\/John_Coltrane_Quartet\">John Coltrane Quartet<\/a><\/em> mit Coltrane, <a href=\"https:\/\/de.wikipedia.org\/wiki\/Jimmy_Garrison\">Jimmy Garrison<\/a> und <a href=\"https:\/\/de.wikipedia.org\/wiki\/Elvin_Jones\">Elvin Jones<\/a>, in dem er bis 1965 eine tragende Rolle spielte. W\u00e4hrend dieser Zeit wirkte Tyner an Alben wie <em><a href=\"https:\/\/de.wikipedia.org\/wiki\/A_Love_Supreme\">A Love Supreme<\/a><\/em> (1964, <a href=\"https:\/\/de.wikipedia.org\/wiki\/Impulse%21_Records\">Impulse!<\/a>), und <em><a href=\"https:\/\/de.wikipedia.org\/wiki\/Crescent_%28Album%29\">Crescent<\/a><\/em> (1964, Impulse!) mit, au\u00dferdem als Sideman bei <a href=\"https:\/\/de.wikipedia.org\/wiki\/Joe_Henderson\">Joe Hendersons<\/a> Deb\u00fctalbum <em><a href=\"https:\/\/de.wikipedia.org\/wiki\/Page_One\">Page One<\/a><\/em> im Juni 1963. Nach Ansicht von <a href=\"https:\/\/de.wikipedia.org\/wiki\/Ian_Carr\">Ian Carr<\/a> war das <a href=\"https:\/\/de.wikipedia.org\/wiki\/John_Coltrane_Quartet\">John Coltrane Quartet<\/a> das wohl einflussreichste Quartett in der Jazzgeschichte und Tyner spielte dabei eine wesentliche Rolle.<sup><a href=\"https:\/\/de.wikipedia.org\/wiki\/McCoy_Tyner#cite_note-1\">[1]<\/a><\/sup><br><\/p>\n\n\n\n<p>Daneben hat Tyner auch mit Saxophonist <a href=\"https:\/\/de.wikipedia.org\/wiki\/Wayne_Shorter\">Wayne Shorter<\/a> f\u00fcr <a href=\"https:\/\/de.wikipedia.org\/wiki\/Blue_Note_Records\">Blue Note Records<\/a> gespielt, wie bei dem Album <em><a href=\"https:\/\/de.wikipedia.org\/wiki\/Night_Dreamer\">Night Dreamer<\/a><\/em> 1964, und ab 1962 Schallplatten unter eigenem Namen auf dem Label Impulse! ver\u00f6ffentlicht, an denen Elvin Jones, <a href=\"https:\/\/de.wikipedia.org\/wiki\/Art_Davis\">Art Davis<\/a> und Jimmy Garrison mitwirkten. Ab 1966 trat Tyner als Solist oder mit einem eigenen <a href=\"https:\/\/de.wikipedia.org\/wiki\/Trio_%28Musik%29\">Trio<\/a> beziehungsweise <a href=\"https:\/\/de.wikipedia.org\/wiki\/Quartett_%28Musik%29\">Quartett<\/a> in den <a href=\"https:\/\/de.wikipedia.org\/wiki\/Vereinigte_Staaten\">Vereinigten Staaten<\/a>, <a href=\"https:\/\/de.wikipedia.org\/wiki\/Europa\">Europa<\/a> und <a href=\"https:\/\/de.wikipedia.org\/wiki\/Japan\">Japan<\/a> auf. W\u00e4hrend dieser Zeit arbeitete Tyner auch mit <a href=\"https:\/\/de.wikipedia.org\/wiki\/Ike_Turner\">Ike<\/a> and <a href=\"https:\/\/de.wikipedia.org\/wiki\/Tina_Turner\">Tina Turner<\/a>, <a href=\"https:\/\/de.wikipedia.org\/wiki\/Jimmy_Witherspoon\">Jimmy Witherspoon<\/a> und anderen K\u00fcnstlern. 1967 erschien sein epochales Album <em><a href=\"https:\/\/de.wikipedia.org\/wiki\/The_Real_McCoy_%28Album%29\">The Real McCoy<\/a><\/em> auf dem <a href=\"https:\/\/de.wikipedia.org\/wiki\/Blue_Note_Records\">Blue Note Records<\/a> Label, mit <a href=\"https:\/\/de.wikipedia.org\/wiki\/Joe_Henderson\">Joe Henderson<\/a>, <a href=\"https:\/\/de.wikipedia.org\/wiki\/Ron_Carter\">Ron Carter<\/a> und wiederum Elvin Jones.<sup><a href=\"https:\/\/de.wikipedia.org\/wiki\/McCoy_Tyner#cite_note-2\">[2]<\/a><\/sup> Mit gr\u00f6\u00dferer Besetzung (u.&nbsp;a. mit <a href=\"https:\/\/de.wikipedia.org\/wiki\/Lee_Morgan\">Lee Morgan<\/a> und <a href=\"https:\/\/de.wikipedia.org\/wiki\/Joe_Chambers\">Joe Chambers<\/a>) nahm Tyner das Album <em>Tender Moments<\/em> (1967) auf, dessen ersten Titel <em>Mode to John<\/em> er dem soeben verstorbenen John Coltrane widmete.<sup><a href=\"https:\/\/de.wikipedia.org\/wiki\/McCoy_Tyner#cite_note-3\">[3]<\/a><\/sup><br>&nbsp;Anfang der 1970er Jahre wechselte Tyner zu <a href=\"https:\/\/de.wikipedia.org\/wiki\/Orrin_Keepnews\">Orrin Keepnews<\/a>\u2019 Label Milestone, f\u00fcr das er Alben wie <em>Sahara<\/em> (1972), das Soloalbum <em>Echoes of a Friend<\/em> (1972), <em>Enlightenment<\/em> (1973, mit <a href=\"https:\/\/de.wikipedia.org\/wiki\/Azar_Lawrence\">Azar Lawrence<\/a>) und <em>Fly With The Wind<\/em> (1976) einspielte. Im Jahr 1978 spielte er bei den <em>Milestone Jazz Stars<\/em> (unter anderem mit <a href=\"https:\/\/de.wikipedia.org\/wiki\/Sonny_Rollins\">Sonny Rollins<\/a>, Ron Carter und <a href=\"https:\/\/de.wikipedia.org\/wiki\/Al_Foster\">Al Foster<\/a>). 1988 entstand die Bigband-Produktion <em>Uptown\/Downtown<\/em>, u.&nbsp;a. mit <a href=\"https:\/\/de.wikipedia.org\/wiki\/Kamau_Muata_Adilifu\">Kamau Muata Adilifu<\/a>, <a href=\"https:\/\/de.wikipedia.org\/wiki\/Howard_Johnson\">Howard Johnson<\/a>, <a href=\"https:\/\/de.wikipedia.org\/wiki\/Robin_Eubanks\">Robin Eubanks<\/a> und <a href=\"https:\/\/de.wikipedia.org\/wiki\/Steve_Turr%C3%A9\">Steve Turr\u00e9<\/a>. 1989 kehrte Tyner zum Blue Note-Label zur\u00fcck und nahm das <a href=\"https:\/\/de.wikipedia.org\/wiki\/Duke_Ellington\">Ellington<\/a>-Album <em>Things Ain\u2019t That What They Used to Be<\/em> (teilweise Duos mit <a href=\"https:\/\/de.wikipedia.org\/wiki\/George_Adams_%28Musiker%29\">George Adams<\/a> und <a href=\"https:\/\/de.wikipedia.org\/wiki\/John_Scofield\">John Scofield<\/a>) sowie das Duo-Album <em>Manhattan Moods<\/em> (1993) mit <a href=\"https:\/\/de.wikipedia.org\/wiki\/Bobby_Hutcherson\">Bobby Hutcherson<\/a> auf. Nach zwei Alben f\u00fcr <em>Impulse!<\/em>\n wechselte Tyner 1998 zum Telarc-Label. Zu seinen seltenen Auftritten \nals Sideman in den 1980er und 1990er Jahre geh\u00f6rt die Mitwirkung an dem <a href=\"https:\/\/de.wikipedia.org\/wiki\/David_Murray_%28Jazzmusiker%29\">David Murray<\/a> Album <em><a href=\"https:\/\/de.wikipedia.org\/wiki\/Special_Quartet\">Special Quartet<\/a><\/em>, entstanden 1990.<\/p>\n\n\n\n<figure class=\"wp-block-image\"><a href=\"https:\/\/www.innside.at\/wp-content\/uploads\/2016\/10\/McCoy_Tyner_1989.jpg\"><img loading=\"lazy\" decoding=\"async\" width=\"300\" height=\"202\" src=\"https:\/\/www.innside.at\/wp-content\/uploads\/2016\/10\/McCoy_Tyner_1989-300x202.jpg\" alt=\"Mc Coy Tyner 1989 ( Quelle: Wikipedia)\" class=\"wp-image-568\" srcset=\"https:\/\/www.innside.at\/wp-content\/uploads\/2016\/10\/McCoy_Tyner_1989-300x202.jpg 300w, https:\/\/www.innside.at\/wp-content\/uploads\/2016\/10\/McCoy_Tyner_1989-768x518.jpg 768w, https:\/\/www.innside.at\/wp-content\/uploads\/2016\/10\/McCoy_Tyner_1989-1024x691.jpg 1024w, https:\/\/www.innside.at\/wp-content\/uploads\/2016\/10\/McCoy_Tyner_1989-445x300.jpg 445w\" sizes=\"auto, (max-width: 300px) 100vw, 300px\" \/><\/a><\/figure>\n\n\n\n<p>Mc Coy Tyner 1989 ( Quelle: Wikipedia)<\/p>\n\n\n\n<p>Quelle: Wikipedia<\/p>\n\n\n\n<p><strong>Innside Jazz Blues in Innsbruck and more 2016-2017 <\/strong>startete mit neuem Programm.<\/p>\n\n\n\n<p><strong>am Freitag 21.10.2016 um 20:15 Uhr !<br><\/strong><\/p>\n\n\n\n<figure class=\"wp-block-image\"><a href=\"https:\/\/www.innside.at\/wp-content\/uploads\/2016\/10\/14695422_1545663315460217_7123370100444464836_n.jpg\"><img loading=\"lazy\" decoding=\"async\" width=\"300\" height=\"200\" src=\"https:\/\/www.innside.at\/wp-content\/uploads\/2016\/10\/14695422_1545663315460217_7123370100444464836_n-300x200.jpg\" alt=\"Innside Jazz Blues in Innsbruck\" class=\"wp-image-536\" srcset=\"https:\/\/www.innside.at\/wp-content\/uploads\/2016\/10\/14695422_1545663315460217_7123370100444464836_n-300x200.jpg 300w, https:\/\/www.innside.at\/wp-content\/uploads\/2016\/10\/14695422_1545663315460217_7123370100444464836_n-768x512.jpg 768w, https:\/\/www.innside.at\/wp-content\/uploads\/2016\/10\/14695422_1545663315460217_7123370100444464836_n-450x300.jpg 450w, https:\/\/www.innside.at\/wp-content\/uploads\/2016\/10\/14695422_1545663315460217_7123370100444464836_n.jpg 960w\" sizes=\"auto, (max-width: 300px) 100vw, 300px\" \/><\/a><\/figure>\n\n\n\n<p>Jazzaster im Duo<\/p>\n\n\n\n<p>Zuerst werden <strong>Rita Goller am Piano<\/strong> und <strong>Esther Cede-Perlot, Gesang, Saxophon <\/strong>die <strong>Jazz&amp;more<\/strong> time er\u00f6ffnen.<\/p>\n\n\n\n<figure class=\"wp-block-image\"><a href=\"http:\/\/www.jazzaster.com\"><img loading=\"lazy\" decoding=\"async\" width=\"300\" height=\"90\" src=\"https:\/\/www.innside.at\/wp-content\/uploads\/2015\/11\/jazzaster_logo-300x90.png\" alt=\"Innside Jazz Blues\" class=\"wp-image-406\" srcset=\"https:\/\/www.innside.at\/wp-content\/uploads\/2015\/11\/jazzaster_logo-300x90.png 300w, https:\/\/www.innside.at\/wp-content\/uploads\/2015\/11\/jazzaster_logo.png 378w\" sizes=\"auto, (max-width: 300px) 100vw, 300px\" \/><\/a><\/figure>\n\n\n\n<h1 class=\"wp-block-heading\"><strong>Innside Jazz Blues in Innsbruck and more &#8211; die weiteren Termine:<\/strong><\/h1>\n\n\n\n<figure class=\"wp-block-image\"><a href=\"https:\/\/www.innside.at\/wp-content\/uploads\/2016\/10\/20161015_INNSIDE_20161015_org.jpg\"><img loading=\"lazy\" decoding=\"async\" width=\"225\" height=\"300\" src=\"https:\/\/www.innside.at\/wp-content\/uploads\/2016\/10\/20161015_INNSIDE_20161015_org-225x300.jpg\" alt=\"Innside Jazz Blues\" class=\"wp-image-518\" srcset=\"https:\/\/www.innside.at\/wp-content\/uploads\/2016\/10\/20161015_INNSIDE_20161015_org-225x300.jpg 225w, https:\/\/www.innside.at\/wp-content\/uploads\/2016\/10\/20161015_INNSIDE_20161015_org.jpg 413w\" sizes=\"auto, (max-width: 225px) 100vw, 225px\" \/><\/a><\/figure>\n\n\n\n<p>Innside Jazz Blues in Innsbruck !<a target=\"_blank\" href=\"https:\/\/yoa.st\/3g6?php_version=7.0&amp;platform=wordpress&amp;platform_version=5.1.1&amp;software=free&amp;software_version=11.0&amp;days_active=30\" rel=\"noreferrer noopener\">Entscheide dich f\u00fcr Premium(\u00d6ffnet in einem neuen Browser Tab)<\/a><\/p>\n\n\n\n<ul class=\"wp-block-list\"><li><a href=\"https:\/\/www.innside.at\/wp-admin\/post.php?post=521&amp;action=edit#wpseo-meta-section-content\">Optimierung der Inhalte\n\n\n\n\t\n\t\t\n\t\t\t\n\t\t\t\t<\/a><\/li><\/ul>\n\n\n\n<p><a href=\"https:\/\/www.innside.at\/wp-admin\/post.php?post=521&amp;action=edit#wpseo-meta-section-content\">\n\t\t\t\n\t\t\t\n\t\t\t\n\t\t\t\n\t\t\t\t<\/a><a href=\"https:\/\/www.innside.at\/wp-admin\/post.php?post=521&amp;action=edit#wpseo-meta-section-content\">\n\t\t\t\t<\/a><a href=\"https:\/\/www.innside.at\/wp-admin\/post.php?post=521&amp;action=edit#wpseo-meta-section-content\">\n\t\t\t\t<\/a><\/p>\n\n\n\n<ul class=\"wp-block-list\"><li><a href=\"https:\/\/www.innside.at\/wp-admin\/post.php?post=521&amp;action=edit#wpseo-meta-section-content\">\n\t\t\t\n\t\t\t\n\t\t\t\n\t\t\n\t\n\n<\/a>Guter SEO-Wert<\/li><li><a href=\"https:\/\/www.innside.at\/wp-admin\/post.php?post=521&amp;action=edit#wpseo-meta-section-social\">Social<\/a><\/li><li><a href=\"https:\/\/www.innside.at\/wp-admin\/post.php?post=521&amp;action=edit#wpseo-meta-section-advanced\">Erweitert<\/a><\/li><\/ul>\n\n\n\n<p>\n\n\n\n\n\nSEO-Titel Vorschau:Innside Jazz Blues in Innsbruck Musik Blues Unterhaltung Bier WeinURL Vorschau:https:\/\/www.innside.at \u203a innside-jazz-blues-in-innsbruck<\/p>\n\n\n\n<hr class=\"wp-block-separator\"\/>\n\n\n\n<p>Meta Description Vorschau:<strong>Innside<\/strong><strong> Jazz<\/strong><strong> Blues<\/strong> in<strong> Innsbruck<\/strong> and more Musik Unterhaltung Live Musik Pilspub Pilsbar Bar Wein Bier<strong> Innsbruck<\/strong> Mariahillfstra\u00dfe Hotel Mondschein\n\n\t\t\t\t\n\t\t\t\n\t\tSuche nach einem Block<\/p>\n\n\n\n<p>Roland Heinz, geboren in Sidney, Australien, <br>\ngepr\u00e4gt von der Musikszene in New York, <br>\nvon Gr\u00f6\u00dfen wie John Abercrombie,<br>\n wohnhaft in Anpruggen-St.Nikolaus<br>\nhat wieder G\u00e4ste eingeladen.<\/p>\n\n\n\n<p>Manche werden sich vielleicht noch an das erste Konzert <br> in dieser Besetzung im Innside im Jahr 2016 erinnern.<br> Es war der H\u00f6hepunkt von live&#64;inn&#115;&#105;&#100;&#101;&#46;&#97;&#116; bisher.Weitere Informationen unter:<br> <\/p>\n\n\n\n<p><br> <a href=\"http:\/\/www.rolandheinz.com\">www.rolandheinz.com<\/a><br> <a href=\"http:\/\/www.robertajazz.com\">www.robertajazz.com<\/a><br><a href=\"http:\/\/www.billymintz.com\"> www.billymintz.com<\/a><\/p>\n\n\n\n<figure class=\"wp-block-image\"><a href=\"www.facebook.com\\innside.pilspub\"><img loading=\"lazy\" decoding=\"async\" width=\"50\" height=\"50\" src=\"https:\/\/www.innside.at\/wp-content\/uploads\/2015\/10\/FB-f-Logo__blue_100-e1443961262875.png\" alt=\"\" class=\"wp-image-311\"\/><\/a><\/figure>\n\n\n\n<figure class=\"wp-block-image\"><img loading=\"lazy\" decoding=\"async\" width=\"397\" height=\"265\" src=\"https:\/\/www.innside.at\/wp-content\/uploads\/2019\/04\/Roberta_kl_wm.jpg\" alt=\"Innside Jazz Blues in Innsbruck\" class=\"wp-image-686\" srcset=\"https:\/\/www.innside.at\/wp-content\/uploads\/2019\/04\/Roberta_kl_wm.jpg 397w, https:\/\/www.innside.at\/wp-content\/uploads\/2019\/04\/Roberta_kl_wm-300x200.jpg 300w\" sizes=\"auto, (max-width: 397px) 100vw, 397px\" \/><figcaption>Roberta Piket l&#105;&#118;&#x65;&#x40;&#x69;n&#110;&#115;&#x69;&#x64;&#x65;&#46;a&#116; 2016<\/figcaption><\/figure>\n\n\n\n<figure class=\"wp-block-image\"><img loading=\"lazy\" decoding=\"async\" width=\"425\" height=\"283\" src=\"https:\/\/www.innside.at\/wp-content\/uploads\/2019\/04\/RolandBilly_kl_wm.jpg\" alt=\"\" class=\"wp-image-687\" srcset=\"https:\/\/www.innside.at\/wp-content\/uploads\/2019\/04\/RolandBilly_kl_wm.jpg 425w, https:\/\/www.innside.at\/wp-content\/uploads\/2019\/04\/RolandBilly_kl_wm-300x200.jpg 300w\" sizes=\"auto, (max-width: 425px) 100vw, 425px\" \/><figcaption>Billy Mintz and Roland Heinz l&#105;&#118;&#101;&#x40;&#x69;&#x6e;ns&#105;&#100;&#x65;&#x2e;&#x61;&#x74;  2016<\/figcaption><\/figure>\n\n\n\n<p><\/p>\n\n\n\n<p class=\"has-large-font-size\"><strong>R\u00fcckblick auf das Jahr 2018<\/strong><\/p>\n\n\n\n<p class=\"has-large-font-size\"><strong>Innside Jazz Blues in Innsbruck !<\/strong><br><\/p>\n\n\n<p style=\"text-align: center;\"><a href=\"https:\/\/www.innside.at\/wp-content\/uploads\/2018\/10\/20181108_Kirchmair_Quartett.jpg\"><img loading=\"lazy\" decoding=\"async\" class=\"alignnone wp-image-674 size-medium\" src=\"https:\/\/www.innside.at\/wp-content\/uploads\/2018\/10\/20181108_Kirchmair_Quartett-300x216.jpg\" alt=\"Innnide Jazz Blues in Innsbruck\" width=\"300\" height=\"216\" srcset=\"https:\/\/www.innside.at\/wp-content\/uploads\/2018\/10\/20181108_Kirchmair_Quartett-300x216.jpg 300w, https:\/\/www.innside.at\/wp-content\/uploads\/2018\/10\/20181108_Kirchmair_Quartett-768x552.jpg 768w, https:\/\/www.innside.at\/wp-content\/uploads\/2018\/10\/20181108_Kirchmair_Quartett-1024x736.jpg 1024w, https:\/\/www.innside.at\/wp-content\/uploads\/2018\/10\/20181108_Kirchmair_Quartett-417x300.jpg 417w\" sizes=\"auto, (max-width: 300px) 100vw, 300px\" \/><\/a><\/p>\n<p align=\"center\"><strong><span style=\"font-family: Arial, sans-serif;\"><span style=\"font-size: x-large;\">Donnerstag 08. November 2018, 20:15 Uhr<\/span><\/span><\/strong><\/p>\n<div align=\"center\"><span style=\"font-family: Arial; font-size: 300%;\"><strong>Kirchmair Quartett<\/strong><b><br><\/b><\/span><span style=\"font-family: Arial; font-size: xx-large;\"><b>Rupert Kirchmair &#8211; Klavier<br>Florian Bramb\u00f6ck &#8211; Saxophon<br>Flo Baumgartner &#8211; Schlagzeug<br>Johannes Sigl &#8211; Bass<br><\/b><\/span><\/div>\n<p><span style=\"font-family: Arial; font-size: xx-large;\"><b><br><\/b><\/span><span style=\"font-family: Arial; font-size: large;\">F\u00fcr die Besetzung seines Quartetts hat Rupert Kirchmair Routiniers der Tiroler Jazzszene um sich geschart: Florian Bramb\u00f6ck am Saxophon, Flo Baumgartner am Schlagzeug und Johannes Sigl am Bass. Unverwechselbar sollte die eigene Musik sein, aber dennoch von der Tradition gepr\u00e4gt. Entstanden ist eine Band, die Einfl\u00fcsse aus der Rock\u00ad und der klassischen Musik aufnimmt und zu einem neuen Ganzen verbindet \u2013 von lyrisch filigran bis ekstatisch spr\u00fchend.<\/span><\/p>\n<p><\/p>\n<div align=\"center\"><span style=\"font-family: Arial;\"><b>H\u00f6rproben:<\/b><\/span><\/div>\n<div align=\"center\">&nbsp;<\/div>\n<div align=\"center\"><span style=\"font-family: Arial;\"><b><br><\/b><\/span><span style=\"font-family: Calibri;\"><b>https:\/\/www.youtube.com\/watch?v=9bIkRA6JeqY<\/b><\/span><\/div>\n<div align=\"center\"><span style=\"font-family: Calibri;\"><b>https:\/\/www.youtube.com\/watch?v=xmaR9U8AlkA<\/b><\/span><\/div>\n<div align=\"center\"><span style=\"font-family: Calibri;\"><b>https:\/\/www.youtube.com\/watch?v=soXNXIQTRsE<\/b><\/span><\/div>\n<div align=\"center\">&nbsp;<\/div>\n<p><\/p>\n<p><strong>Innside Jazz Blues in Innsbruck<\/strong><\/p>\n<p>live@innside !<\/p>\n<p><strong>Freitag 24.03.2017, 201:15 Uhr<\/strong><\/p>\n<p><a href=\"https:\/\/www.innside.at\/wp-content\/uploads\/2016\/10\/13932852_865777490223941_7846063559987926155_n.jpg\"><img loading=\"lazy\" decoding=\"async\" class=\"alignnone wp-image-618 size-medium\" src=\"https:\/\/www.innside.at\/wp-content\/uploads\/2016\/10\/13932852_865777490223941_7846063559987926155_n-300x111.jpg\" alt=\"Innside Jazz Blues in Innsbruck\" width=\"300\" height=\"111\" srcset=\"https:\/\/www.innside.at\/wp-content\/uploads\/2016\/10\/13932852_865777490223941_7846063559987926155_n-300x111.jpg 300w, https:\/\/www.innside.at\/wp-content\/uploads\/2016\/10\/13932852_865777490223941_7846063559987926155_n-768x283.jpg 768w, https:\/\/www.innside.at\/wp-content\/uploads\/2016\/10\/13932852_865777490223941_7846063559987926155_n-500x184.jpg 500w, https:\/\/www.innside.at\/wp-content\/uploads\/2016\/10\/13932852_865777490223941_7846063559987926155_n.jpg 851w\" sizes=\"auto, (max-width: 300px) 100vw, 300px\" \/><\/a><\/p>\n<p><strong>FernAndra &#8211; chansons de la vie<\/strong><\/p>\n<p><strong> Laura Marberger, Gesang <\/strong><\/p>\n<p><strong>Felix Kremsner, Gitarre<br><\/strong><\/p>\n<p>FernAndra interpretieren Chansons, Jazz &amp; Blues Standards in eigenen Arrangements, wobei sie sich Elementen des Bossa Nova und Swing bedienen.<br>Die beeindruckende Stimme der S\u00e4ngerin Laura Marberger in Begleitung von Gitarrist Felix Kremsner zieht die Zuh\u00f6rer vom ersten Augenblick an in ihren Bann und hinterl\u00e4sst einen unvergesslichen Eindruck.<\/p>\n<p><\/p>\n<p><strong>Innside Jazz Blues in Innsbruck<\/strong><\/p>\n<p>live@innside !<\/p>\n<p><strong>Freitag 24.02.2017, 20:15 Uhr<\/strong><\/p>\n<p><strong>Stephan Costa Trio<\/strong><br>as Moonlight-Trio starring<br>Stephan Costa &#8211; Piano<br>Romed Hopfgartner &#8211; Sax<br>Wolfgang Rainer &#8211; Drums<\/p>\n<p>mit eigenen Kompositionen und Bearbeitungen in kleiner Besetzung !<br>Viel sch\u00f6ne Musik ! Ein paar Titel von Jan Garbarek werden auch dabei sein !<\/p>\n<div id=\"attachment_597\" style=\"width: 186px\" class=\"wp-caption alignnone\"><a href=\"https:\/\/www.innside.at\/wp-content\/uploads\/2016\/10\/Stphan_Costa_Trio_2016_kl.png\"><img loading=\"lazy\" decoding=\"async\" aria-describedby=\"caption-attachment-597\" class=\"wp-image-597 size-medium\" src=\"https:\/\/www.innside.at\/wp-content\/uploads\/2016\/10\/Stphan_Costa_Trio_2016_kl-176x300.png\" alt=\"Innside Jazz Blues in Innsbruck\" width=\"176\" height=\"300\" srcset=\"https:\/\/www.innside.at\/wp-content\/uploads\/2016\/10\/Stphan_Costa_Trio_2016_kl-176x300.png 176w, https:\/\/www.innside.at\/wp-content\/uploads\/2016\/10\/Stphan_Costa_Trio_2016_kl.png 600w\" sizes=\"auto, (max-width: 176px) 100vw, 176px\" \/><\/a><p id=\"caption-attachment-597\" class=\"wp-caption-text\">Stephan Costa Trio 2016 live@innside<\/p><\/div>\n<p><\/p>\n<p><strong>Stephan Costa Trio 2017<\/strong><\/p>\n<p><strong>Moonlight Trio<\/strong><\/p>\n<p><a href=\"https:\/\/www.innside.at\/wp-content\/uploads\/2016\/10\/Stephan-Costa-Foto-2_kl.jpg\"><img loading=\"lazy\" decoding=\"async\" class=\"alignnone wp-image-599 size-full\" src=\"https:\/\/www.innside.at\/wp-content\/uploads\/2016\/10\/Stephan-Costa-Foto-2_kl.jpg\" alt=\"Innside Jazz Blues in Innsbruck\" width=\"150\" height=\"218\"><\/a><\/p>\n<p><strong>Stephan Costa &#8211; Klavier<\/strong><\/p>\n<p>Stephan Costa studierte Klavier Jazz und Komosition\/Arrangement bei Harald Neuwirth\/ Helmuth Iberer\/ Dejan Pecenko und Christoph Cech&nbsp; an der Musikhochschule Graz bzw Bruckner-Privatuniversit\u00e4t&nbsp; in Linz. Seit seinem 16. Lebensjahr besch\u00e4ftigt er sich mit dem Thema Jazz Improvisation. Durch zahlreiche Projekte und Auftritte vom Solo bis zur Big Band, sowie Meisterkurse bei Ellis Marsalis, Ray Anderson, Franco d\u00b4Andrea und Joey Calderazzo verf\u00fcgt er \u00fcber lange Erfahrung in verschiedensten Klangk\u00f6rpern. Im Rahmen seiner Unterrichtst\u00e4tigkeit&nbsp; konnte er mit internationalen Musikern wie Bob Mintzer, Randy Brecker, Maria Schneider, Ray Anderson,&nbsp; Ernie Watts, Niels Landgren , Wolfgang Mitterer u.a. zusammenarbeiten. Live-Auftritte und CD-Produktionen mit verschiedenen Tiroler Formationen (die Erben, Stephan Costa Trio, Jazzorchester Tirol) im In- und Ausland; Zahlreiche Theaterengagements als Komponist, musikalischer Leiter oder Pianist erg\u00e4nzen seine musikalische Arbeit. Seit 1991 leitet Stephan Costa den Fachbereich Jazz &amp; improvisierte Musik am Tiroler Landeskonservatorium und unterrichtet auch am Mozarteum Innsbruck.<\/p>\n<p><a href=\"https:\/\/www.innside.at\/wp-content\/uploads\/2016\/10\/Romed_Hopfgartner_1kl.jpeg\"><img loading=\"lazy\" decoding=\"async\" class=\"alignnone wp-image-600 size-full\" src=\"https:\/\/www.innside.at\/wp-content\/uploads\/2016\/10\/Romed_Hopfgartner_1kl.jpeg\" alt=\"Innside Jazz Blues in Innsbruck\" width=\"150\" height=\"225\"><\/a><\/p>\n<p><a href=\"https:\/\/www.innside.at\/wp-content\/uploads\/2016\/10\/Romed_Hopfgartner_2_KI.jpg\"><img loading=\"lazy\" decoding=\"async\" class=\"alignnone wp-image-601 size-full\" src=\"https:\/\/www.innside.at\/wp-content\/uploads\/2016\/10\/Romed_Hopfgartner_2_KI.jpg\" alt=\"Innside Jazz Blues in Innsbruck\" width=\"150\" height=\"53\"><\/a><\/p>\n<p><strong>Romed Hopfgartner &#8211; Sax<\/strong><\/p>\n<p>Romed Hopfgartner studierte am Tiroler Landeskonservatorium in Innsbruck und an der Universit\u00e4t f\u00fcr Musik und darstellender Kunst in Wien. Er erhielt den Solistenpreis beim Tiroler Jazzwettbewerb 2000. Seit 2007 ist er neben seiner k\u00fcnstlerischen T\u00e4tigkeit Lehrbeauftragter am Mozarteum Innsbruck. Der in Wien lebende Saxophonist ist seit \u00fcber 10 Jahren in der Jazzszene aktiv und als Mitwirkende bei Nenad Vasilic, Franui, Nouvelle Cuisine Big Band, u.a. zu h\u00f6ren. Obwohl sein Spiel im wesentlichen in der langen Jazztradition verwurzelt ist, sind seine klassische Ausbildung sowie der musikalische Austausch mit brasilianischen (Alegre Correa, Lili Araujo, usw.) und serbischen (Nenad Vasilic) K\u00fcnstlern und die Leidenschaft f\u00fcr afrikanische Musik Inspirationsquellen f\u00fcr sein eigenes Schaffen. Genau diese Aspekte geben seiner Musik eine einzigartige und unverwechselbare Qualit\u00e4t, die einem gleichzeitig bekannt aber auch innovativ vorkommen. 2016 erhielt Romed Hopfgartner den TAT Jazzpreis der Stadt Innsbruck.<\/p>\n<p><a href=\"https:\/\/www.innside.at\/wp-content\/uploads\/2016\/10\/wolfi-rainer_kl.jpg\"><img loading=\"lazy\" decoding=\"async\" class=\"alignnone wp-image-602 size-full\" src=\"https:\/\/www.innside.at\/wp-content\/uploads\/2016\/10\/wolfi-rainer_kl.jpg\" alt=\"Innside Jazz Blues in Innsbruck\" width=\"150\" height=\"219\"><\/a><\/p>\n<p><strong>Wolfgang Rainer &#8211; Drums<\/strong><\/p>\n<p>Wolfgang Rainer, Drums Geboren am 22.10.1977 in Innsbruck. Mit 13 Jahren entdeckt er das Schlagzeug f\u00fcr sich. Zuerst Musikschule und Konservatorium in Innsbruck, dann ein Studium im Bereich Jazz-Schlagzeug an der Universit\u00e4t f\u00fcr Musik und darstellenden Kunst in Graz. 2005 schliesst er dieses mit Auszeichnung ab. Der W\u00fcrdigungspreis des Rektor erm\u00f6glicht ihm einen Fortbildungsaufenthalt in New York, wo er 2007 in Brooklyn sein Debutalbum \u201eWolfi Rainer\u2019s Gotham Tales\u201c zusammen mit George Garzone, David Gilmore, Mike Holober und Kenny Davis aufnimmt.<\/p>\n<p>Zur\u00fcck in Europa verlegt er seinen Lebensmittelpunkt nach Wien und arbeitet u.a. zusammen mit Erich Kleinschuster, Karl Ratzer, Ray Anderson, Mino Cinelu, dem Ed Partyka \u2013Flip Philipp Dectet, der Robert Bachner Big Band, u.v.a.. Er spielt auf Festivals in \u00d6sterreich, Deutschland, Italien, in Osteuropa, USA und Japan.<\/p>\n<p>2014 wurde ihm der Jazzpreis der Stadt Innsbruck verliehen.<\/p>\n<p><\/p>\n<p><strong>Innside Jazz Blues in Innsbruck<\/strong><\/p>\n<p>live@innside !<\/p>\n<p><strong>Freitag, 20. J\u00e4nner 2017, 20:15 Uhr<\/strong><\/p>\n<p><strong>AVANT JAZZ<\/strong><\/p>\n<p><strong>Roland Heinz &#8211; Guitar, Synth<\/strong><br><strong>Elmar Guantes &#8211; Double Bass<\/strong><br><strong>Charlie Fischer &#8211; Drums<\/strong><\/p>\n<div id=\"attachment_493\" style=\"width: 235px\" class=\"wp-caption alignnone\"><a href=\"https:\/\/www.innside.at\/wp-content\/uploads\/2016\/02\/Roland_Heinz.jpg\"><img loading=\"lazy\" decoding=\"async\" aria-describedby=\"caption-attachment-493\" class=\"wp-image-493 size-medium\" src=\"https:\/\/www.innside.at\/wp-content\/uploads\/2016\/02\/Roland_Heinz-225x300.jpg\" alt=\"Innside Jazz Blues in Innsbruck\" width=\"225\" height=\"300\" srcset=\"https:\/\/www.innside.at\/wp-content\/uploads\/2016\/02\/Roland_Heinz-225x300.jpg 225w, https:\/\/www.innside.at\/wp-content\/uploads\/2016\/02\/Roland_Heinz-768x1024.jpg 768w, https:\/\/www.innside.at\/wp-content\/uploads\/2016\/02\/Roland_Heinz.jpg 1560w\" sizes=\"auto, (max-width: 225px) 100vw, 225px\" \/><\/a><p id=\"caption-attachment-493\" class=\"wp-caption-text\">Roland Heinz<\/p><\/div>\n<p><\/p>\n<div id=\"attachment_593\" style=\"width: 285px\" class=\"wp-caption alignnone\"><a href=\"https:\/\/www.innside.at\/wp-content\/uploads\/2017\/01\/guantes_bunt.jpg\"><img loading=\"lazy\" decoding=\"async\" aria-describedby=\"caption-attachment-593\" class=\"wp-image-593 size-full\" src=\"https:\/\/www.innside.at\/wp-content\/uploads\/2017\/01\/guantes_bunt.jpg\" alt=\"Innside Jazz Blues in Innsbruck\" width=\"275\" height=\"206\"><\/a><p id=\"caption-attachment-593\" class=\"wp-caption-text\">Elmar Guantes<\/p><\/div>\n<p><\/p>\n<div id=\"attachment_594\" style=\"width: 273px\" class=\"wp-caption alignnone\"><a href=\"https:\/\/www.innside.at\/wp-content\/uploads\/2017\/01\/charlie_fischer.jpg\"><img loading=\"lazy\" decoding=\"async\" aria-describedby=\"caption-attachment-594\" class=\"wp-image-594 size-medium\" src=\"https:\/\/www.innside.at\/wp-content\/uploads\/2017\/01\/charlie_fischer-263x300.jpg\" alt=\"Innside Jazz Blues in Innsbruck\" width=\"263\" height=\"300\" srcset=\"https:\/\/www.innside.at\/wp-content\/uploads\/2017\/01\/charlie_fischer-263x300.jpg 263w, https:\/\/www.innside.at\/wp-content\/uploads\/2017\/01\/charlie_fischer.jpg 300w\" sizes=\"auto, (max-width: 263px) 100vw, 263px\" \/><\/a><p id=\"caption-attachment-594\" class=\"wp-caption-text\">Charlie Fischer<\/p><\/div>\n<p><\/p>\n<p><strong>&nbsp;Das war das Innside Jazz Blues in Innsbruck Event November 2016<br><\/strong><\/p>\n<p><a href=\"https:\/\/www.innside.at\/wp-content\/uploads\/2016\/10\/IMG_5626-e1480243395730.jpg\"><img loading=\"lazy\" decoding=\"async\" class=\"alignnone size-medium wp-image-585\" src=\"https:\/\/www.innside.at\/wp-content\/uploads\/2016\/10\/IMG_5626-e1480243395730-200x300.jpg\" alt=\"Jazz Blues in Innsbruck\" width=\"200\" height=\"300\" srcset=\"https:\/\/www.innside.at\/wp-content\/uploads\/2016\/10\/IMG_5626-e1480243395730-200x300.jpg 200w, https:\/\/www.innside.at\/wp-content\/uploads\/2016\/10\/IMG_5626-e1480243395730-768x1152.jpg 768w, https:\/\/www.innside.at\/wp-content\/uploads\/2016\/10\/IMG_5626-e1480243395730-683x1024.jpg 683w, https:\/\/www.innside.at\/wp-content\/uploads\/2016\/10\/IMG_5626-e1480243395730.jpg 1728w\" sizes=\"auto, (max-width: 200px) 100vw, 200px\" \/><\/a><\/p>\n<p><a href=\"https:\/\/www.innside.at\/wp-content\/uploads\/2016\/10\/IMG_5633.jpg\"><img loading=\"lazy\" decoding=\"async\" class=\"alignnone size-medium wp-image-586\" src=\"https:\/\/www.innside.at\/wp-content\/uploads\/2016\/10\/IMG_5633-300x200.jpg\" alt=\"Jazz Blues in Innsbruck\" width=\"300\" height=\"200\" srcset=\"https:\/\/www.innside.at\/wp-content\/uploads\/2016\/10\/IMG_5633-300x200.jpg 300w, https:\/\/www.innside.at\/wp-content\/uploads\/2016\/10\/IMG_5633-768x512.jpg 768w, https:\/\/www.innside.at\/wp-content\/uploads\/2016\/10\/IMG_5633-1024x683.jpg 1024w, https:\/\/www.innside.at\/wp-content\/uploads\/2016\/10\/IMG_5633-450x300.jpg 450w\" sizes=\"auto, (max-width: 300px) 100vw, 300px\" \/><\/a><\/p>\n<p><strong>Innside Jazz Blues in Innsbruck 2016-2017 had its next event:<br><\/strong><\/p>\n<h1><strong>Friday 25.11.2016 &#8211; 20:15<\/strong><\/h1>\n<p>In tribute to McCoy Tyner<\/p>\n<div id=\"attachment_587\" style=\"width: 310px\" class=\"wp-caption alignnone\"><a href=\"https:\/\/www.innside.at\/wp-content\/uploads\/2016\/10\/IMG_5643.jpg\"><img loading=\"lazy\" decoding=\"async\" aria-describedby=\"caption-attachment-587\" class=\"size-medium wp-image-587\" src=\"https:\/\/www.innside.at\/wp-content\/uploads\/2016\/10\/IMG_5643-300x200.jpg\" alt=\"Innside Jazz Blues in Innsbruck\" width=\"300\" height=\"200\" srcset=\"https:\/\/www.innside.at\/wp-content\/uploads\/2016\/10\/IMG_5643-300x200.jpg 300w, https:\/\/www.innside.at\/wp-content\/uploads\/2016\/10\/IMG_5643-768x512.jpg 768w, https:\/\/www.innside.at\/wp-content\/uploads\/2016\/10\/IMG_5643-1024x683.jpg 1024w, https:\/\/www.innside.at\/wp-content\/uploads\/2016\/10\/IMG_5643-450x300.jpg 450w\" sizes=\"auto, (max-width: 300px) 100vw, 300px\" \/><\/a><p id=\"caption-attachment-587\" class=\"wp-caption-text\">Koell &#8211; S\u00f6lkner &#8211; Sigl<\/p><\/div>\n<p><strong>performing live:<\/strong><\/p>\n<p><strong>Sara Koell &#8211; vocals<br><\/strong><\/p>\n<p><strong>Robert S\u00f6lkner &#8211; piano<br><\/strong><\/p>\n<p><strong>Johannes Henry Sigl &#8211; bass<\/strong><\/p>\n<p><\/p>\n<p><strong>in tribute to <\/strong><\/p>\n<h2><strong>Jazz Legend Mc Coy Tyner<\/strong><\/h2>\n<div id=\"attachment_566\" style=\"width: 180px\" class=\"wp-caption alignnone\"><a href=\"https:\/\/www.innside.at\/wp-content\/uploads\/2016\/11\/Mccoy_Tyner_1973_gh.jpg\"><img loading=\"lazy\" decoding=\"async\" aria-describedby=\"caption-attachment-566\" class=\"wp-image-566 size-full\" src=\"https:\/\/www.innside.at\/wp-content\/uploads\/2016\/11\/Mccoy_Tyner_1973_gh.jpg\" alt=\"Mc Coy Tyner 1973\" width=\"170\" height=\"255\"><\/a><p id=\"caption-attachment-566\" class=\"wp-caption-text\">Mc Coy Tyner 1973 (Quelle: Wikipedia)<\/p><\/div>\n<h2><strong>Mc Coy Tyner &#8211; Vita:<\/strong><\/h2>\n<p><b>Alfred McCoy Tyner<\/b> (* <a title=\"11. Dezember\" href=\"https:\/\/de.wikipedia.org\/wiki\/11._Dezember\">11. Dezember<\/a> <a title=\"1938\" href=\"https:\/\/de.wikipedia.org\/wiki\/1938\">1938<\/a> in <a title=\"Philadelphia\" href=\"https:\/\/de.wikipedia.org\/wiki\/Philadelphia\">Philadelphia<\/a>, <a title=\"Pennsylvania\" href=\"https:\/\/de.wikipedia.org\/wiki\/Pennsylvania\">Pennsylvania<\/a>) ist ein amerikanischer Jazzpianist und Komponist, er ist der Bruder des kommunistischen Politikers und fr\u00fcheren Kandidaten f\u00fcr das Vizepr\u00e4sidentenamt der Vereinigten Staaten <a title=\"Jarvis Tyner\" href=\"https:\/\/de.wikipedia.org\/wiki\/Jarvis_Tyner\">Jarvis Tyner<\/a>.<\/p>\n<p>Ab 1959 spielte er f\u00fcr sechs Monate im <i>Jazztet<\/i> von <a title=\"Art Farmer\" href=\"https:\/\/de.wikipedia.org\/wiki\/Art_Farmer\">Art Farmer<\/a> und <a title=\"Benny Golson\" href=\"https:\/\/de.wikipedia.org\/wiki\/Benny_Golson\">Benny Golson<\/a>, bevor er sich 1960 John Coltrane anschloss, mit dem er im selben Jahr <i><a title=\"Coltrane Plays the Blues\" href=\"https:\/\/de.wikipedia.org\/wiki\/Coltrane_Plays_the_Blues\">Coltrane Plays the Blues<\/a><\/i> einspielte. 1962 entstand das klassische <i><a title=\"John Coltrane Quartet\" href=\"https:\/\/de.wikipedia.org\/wiki\/John_Coltrane_Quartet\">John Coltrane Quartet<\/a><\/i> mit Coltrane, <a title=\"Jimmy Garrison\" href=\"https:\/\/de.wikipedia.org\/wiki\/Jimmy_Garrison\">Jimmy Garrison<\/a> und <a title=\"Elvin Jones\" href=\"https:\/\/de.wikipedia.org\/wiki\/Elvin_Jones\">Elvin Jones<\/a>, in dem er bis 1965 eine tragende Rolle spielte. W\u00e4hrend dieser Zeit wirkte Tyner an Alben wie <i><a title=\"A Love Supreme\" href=\"https:\/\/de.wikipedia.org\/wiki\/A_Love_Supreme\">A Love Supreme<\/a><\/i> (1964, <a title=\"Impulse! Records\" href=\"https:\/\/de.wikipedia.org\/wiki\/Impulse%21_Records\">Impulse!<\/a>), und <i><a title=\"Crescent (Album)\" href=\"https:\/\/de.wikipedia.org\/wiki\/Crescent_%28Album%29\">Crescent<\/a><\/i> (1964, Impulse!) mit, au\u00dferdem als Sideman bei <a title=\"Joe Henderson\" href=\"https:\/\/de.wikipedia.org\/wiki\/Joe_Henderson\">Joe Hendersons<\/a> Deb\u00fctalbum <i><a title=\"Page One\" href=\"https:\/\/de.wikipedia.org\/wiki\/Page_One\">Page One<\/a><\/i> im Juni 1963. Nach Ansicht von <a title=\"Ian Carr\" href=\"https:\/\/de.wikipedia.org\/wiki\/Ian_Carr\">Ian Carr<\/a> war das <a title=\"John Coltrane Quartet\" href=\"https:\/\/de.wikipedia.org\/wiki\/John_Coltrane_Quartet\">John Coltrane Quartet<\/a> das wohl einflussreichste Quartett in der Jazzgeschichte und Tyner spielte dabei eine wesentliche Rolle.<sup id=\"cite_ref-1\" class=\"reference\"><a href=\"https:\/\/de.wikipedia.org\/wiki\/McCoy_Tyner#cite_note-1\">[1]<\/a><\/sup><\/p>\n<p>Daneben hat Tyner auch mit Saxophonist <a title=\"Wayne Shorter\" href=\"https:\/\/de.wikipedia.org\/wiki\/Wayne_Shorter\">Wayne Shorter<\/a> f\u00fcr <a title=\"Blue Note Records\" href=\"https:\/\/de.wikipedia.org\/wiki\/Blue_Note_Records\">Blue Note Records<\/a> gespielt, wie bei dem Album <i><a title=\"Night Dreamer\" href=\"https:\/\/de.wikipedia.org\/wiki\/Night_Dreamer\">Night Dreamer<\/a><\/i> 1964, und ab 1962 Schallplatten unter eigenem Namen auf dem Label Impulse! ver\u00f6ffentlicht, an denen Elvin Jones, <a title=\"Art Davis\" href=\"https:\/\/de.wikipedia.org\/wiki\/Art_Davis\">Art Davis<\/a> und Jimmy Garrison mitwirkten. Ab 1966 trat Tyner als Solist oder mit einem eigenen <a title=\"Trio (Musik)\" href=\"https:\/\/de.wikipedia.org\/wiki\/Trio_%28Musik%29\">Trio<\/a> beziehungsweise <a title=\"Quartett (Musik)\" href=\"https:\/\/de.wikipedia.org\/wiki\/Quartett_%28Musik%29\">Quartett<\/a> in den <a title=\"Vereinigte Staaten\" href=\"https:\/\/de.wikipedia.org\/wiki\/Vereinigte_Staaten\">Vereinigten Staaten<\/a>, <a title=\"Europa\" href=\"https:\/\/de.wikipedia.org\/wiki\/Europa\">Europa<\/a> und <a title=\"Japan\" href=\"https:\/\/de.wikipedia.org\/wiki\/Japan\">Japan<\/a> auf. W\u00e4hrend dieser Zeit arbeitete Tyner auch mit <a title=\"Ike Turner\" href=\"https:\/\/de.wikipedia.org\/wiki\/Ike_Turner\">Ike<\/a> and <a title=\"Tina Turner\" href=\"https:\/\/de.wikipedia.org\/wiki\/Tina_Turner\">Tina Turner<\/a>, <a title=\"Jimmy Witherspoon\" href=\"https:\/\/de.wikipedia.org\/wiki\/Jimmy_Witherspoon\">Jimmy Witherspoon<\/a> und anderen K\u00fcnstlern. 1967 erschien sein epochales Album <i><a title=\"The Real McCoy (Album)\" href=\"https:\/\/de.wikipedia.org\/wiki\/The_Real_McCoy_%28Album%29\">The Real McCoy<\/a><\/i> auf dem <a title=\"Blue Note Records\" href=\"https:\/\/de.wikipedia.org\/wiki\/Blue_Note_Records\">Blue Note Records<\/a> Label, mit <a title=\"Joe Henderson\" href=\"https:\/\/de.wikipedia.org\/wiki\/Joe_Henderson\">Joe Henderson<\/a>, <a title=\"Ron Carter\" href=\"https:\/\/de.wikipedia.org\/wiki\/Ron_Carter\">Ron Carter<\/a> und wiederum Elvin Jones.<sup id=\"cite_ref-2\" class=\"reference\"><a href=\"https:\/\/de.wikipedia.org\/wiki\/McCoy_Tyner#cite_note-2\">[2]<\/a><\/sup> Mit gr\u00f6\u00dferer Besetzung (u.&nbsp;a. mit <a title=\"Lee Morgan\" href=\"https:\/\/de.wikipedia.org\/wiki\/Lee_Morgan\">Lee Morgan<\/a> und <a title=\"Joe Chambers\" href=\"https:\/\/de.wikipedia.org\/wiki\/Joe_Chambers\">Joe Chambers<\/a>) nahm Tyner das Album <i>Tender Moments<\/i> (1967) auf, dessen ersten Titel <i>Mode to John<\/i> er dem soeben verstorbenen John Coltrane widmete.<sup id=\"cite_ref-3\" class=\"reference\"><a href=\"https:\/\/de.wikipedia.org\/wiki\/McCoy_Tyner#cite_note-3\">[3]<\/a><\/sup><\/p>\n<div class=\"thumb tright\">\n<div class=\"thumbinner\">\n<div class=\"thumbcaption\">&nbsp;Anfang der 1970er Jahre wechselte Tyner zu <a title=\"Orrin Keepnews\" href=\"https:\/\/de.wikipedia.org\/wiki\/Orrin_Keepnews\">Orrin Keepnews<\/a>\u2019 Label Milestone, f\u00fcr das er Alben wie <i>Sahara<\/i> (1972), das Soloalbum <i>Echoes of a Friend<\/i> (1972), <i>Enlightenment<\/i> (1973, mit <a title=\"Azar Lawrence\" href=\"https:\/\/de.wikipedia.org\/wiki\/Azar_Lawrence\">Azar Lawrence<\/a>) und <i>Fly With The Wind<\/i> (1976) einspielte. Im Jahr 1978 spielte er bei den <i>Milestone Jazz Stars<\/i> (unter anderem mit <a title=\"Sonny Rollins\" href=\"https:\/\/de.wikipedia.org\/wiki\/Sonny_Rollins\">Sonny Rollins<\/a>, Ron Carter und <a title=\"Al Foster\" href=\"https:\/\/de.wikipedia.org\/wiki\/Al_Foster\">Al Foster<\/a>). 1988 entstand die Bigband-Produktion <i>Uptown\/Downtown<\/i>, u.&nbsp;a. mit <a title=\"Kamau Muata Adilifu\" href=\"https:\/\/de.wikipedia.org\/wiki\/Kamau_Muata_Adilifu\">Kamau Muata Adilifu<\/a>, <a title=\"Howard Johnson\" href=\"https:\/\/de.wikipedia.org\/wiki\/Howard_Johnson\">Howard Johnson<\/a>, <a title=\"Robin Eubanks\" href=\"https:\/\/de.wikipedia.org\/wiki\/Robin_Eubanks\">Robin Eubanks<\/a> und <a class=\"mw-redirect\" title=\"Steve Turr\u00e9\" href=\"https:\/\/de.wikipedia.org\/wiki\/Steve_Turr%C3%A9\">Steve Turr\u00e9<\/a>. 1989 kehrte Tyner zum Blue Note-Label zur\u00fcck und nahm das <a title=\"Duke Ellington\" href=\"https:\/\/de.wikipedia.org\/wiki\/Duke_Ellington\">Ellington<\/a>-Album <i>Things Ain\u2019t That What They Used to Be<\/i> (teilweise Duos mit <a title=\"George Adams (Musiker)\" href=\"https:\/\/de.wikipedia.org\/wiki\/George_Adams_%28Musiker%29\">George Adams<\/a> und <a title=\"John Scofield\" href=\"https:\/\/de.wikipedia.org\/wiki\/John_Scofield\">John Scofield<\/a>) sowie das Duo-Album <i>Manhattan Moods<\/i> (1993) mit <a title=\"Bobby Hutcherson\" href=\"https:\/\/de.wikipedia.org\/wiki\/Bobby_Hutcherson\">Bobby Hutcherson<\/a> auf. Nach zwei Alben f\u00fcr <i>Impulse!<\/i> wechselte Tyner 1998 zum Telarc-Label. Zu seinen seltenen Auftritten als Sideman in den 1980er und 1990er Jahre geh\u00f6rt die Mitwirkung an dem <a title=\"David Murray (Jazzmusiker)\" href=\"https:\/\/de.wikipedia.org\/wiki\/David_Murray_%28Jazzmusiker%29\">David Murray<\/a> Album <i><a title=\"Special Quartet\" href=\"https:\/\/de.wikipedia.org\/wiki\/Special_Quartet\">Special Quartet<\/a><\/i>, entstanden 1990.<\/div>\n<\/div>\n<\/div>\n<div id=\"attachment_568\" style=\"width: 310px\" class=\"wp-caption alignnone\"><a href=\"https:\/\/www.innside.at\/wp-content\/uploads\/2016\/10\/McCoy_Tyner_1989.jpg\"><img loading=\"lazy\" decoding=\"async\" aria-describedby=\"caption-attachment-568\" class=\"size-medium wp-image-568\" src=\"https:\/\/www.innside.at\/wp-content\/uploads\/2016\/10\/McCoy_Tyner_1989-300x202.jpg\" alt=\"Mc Coy Tyner 1989 ( Quelle: Wikipedia)\" width=\"300\" height=\"202\" srcset=\"https:\/\/www.innside.at\/wp-content\/uploads\/2016\/10\/McCoy_Tyner_1989-300x202.jpg 300w, https:\/\/www.innside.at\/wp-content\/uploads\/2016\/10\/McCoy_Tyner_1989-768x518.jpg 768w, https:\/\/www.innside.at\/wp-content\/uploads\/2016\/10\/McCoy_Tyner_1989-1024x691.jpg 1024w, https:\/\/www.innside.at\/wp-content\/uploads\/2016\/10\/McCoy_Tyner_1989-445x300.jpg 445w\" sizes=\"auto, (max-width: 300px) 100vw, 300px\" \/><\/a><p id=\"caption-attachment-568\" class=\"wp-caption-text\">Mc Coy Tyner 1989 ( Quelle: Wikipedia)<\/p><\/div>\n<p>Quelle: Wikipedia<\/p>\n<p><\/p>\n<p><strong>Innside Jazz Blues in Innsbruck and more 2016-2017 <\/strong>startete mit neuem Programm.<\/p>\n<p><strong>am Freitag 21.10.2016 um 20:15 Uhr !<br><\/strong><\/p>\n<div id=\"attachment_536\" style=\"width: 310px\" class=\"wp-caption alignnone\"><a href=\"https:\/\/www.innside.at\/wp-content\/uploads\/2016\/10\/14695422_1545663315460217_7123370100444464836_n.jpg\"><img loading=\"lazy\" decoding=\"async\" aria-describedby=\"caption-attachment-536\" class=\"wp-image-536 size-medium\" src=\"https:\/\/www.innside.at\/wp-content\/uploads\/2016\/10\/14695422_1545663315460217_7123370100444464836_n-300x200.jpg\" alt=\"Innside Jazz Blues in Innsbruck\" width=\"300\" height=\"200\" srcset=\"https:\/\/www.innside.at\/wp-content\/uploads\/2016\/10\/14695422_1545663315460217_7123370100444464836_n-300x200.jpg 300w, https:\/\/www.innside.at\/wp-content\/uploads\/2016\/10\/14695422_1545663315460217_7123370100444464836_n-768x512.jpg 768w, https:\/\/www.innside.at\/wp-content\/uploads\/2016\/10\/14695422_1545663315460217_7123370100444464836_n-450x300.jpg 450w, https:\/\/www.innside.at\/wp-content\/uploads\/2016\/10\/14695422_1545663315460217_7123370100444464836_n.jpg 960w\" sizes=\"auto, (max-width: 300px) 100vw, 300px\" \/><\/a><p id=\"caption-attachment-536\" class=\"wp-caption-text\">Jazzaster im Duo<\/p><\/div>\n<p>Zuerst werden <strong>Rita Goller am Piano<\/strong> und <strong>Esther Cede-Perlot, Gesang, Saxophon <\/strong>die <strong>Jazz&amp;more<\/strong> time er\u00f6ffnen.<\/p>\n<p><a href=\"http:\/\/www.jazzaster.com\"><img loading=\"lazy\" decoding=\"async\" class=\"alignnone wp-image-406 size-medium\" src=\"https:\/\/www.innside.at\/wp-content\/uploads\/2015\/11\/jazzaster_logo-300x90.png\" alt=\"Innside Jazz Blues\" width=\"300\" height=\"90\" srcset=\"https:\/\/www.innside.at\/wp-content\/uploads\/2015\/11\/jazzaster_logo-300x90.png 300w, https:\/\/www.innside.at\/wp-content\/uploads\/2015\/11\/jazzaster_logo.png 378w\" sizes=\"auto, (max-width: 300px) 100vw, 300px\" \/><\/a><\/p>\n<h1><strong>Innside Jazz Blues in Innsbruck and more &#8211; die weiteren Termine:<\/strong><\/h1>\n<p><a href=\"https:\/\/www.innside.at\/wp-content\/uploads\/2016\/10\/20161015_INNSIDE_20161015_org.jpg\"><img loading=\"lazy\" decoding=\"async\" class=\"alignnone wp-image-518 size-medium\" src=\"https:\/\/www.innside.at\/wp-content\/uploads\/2016\/10\/20161015_INNSIDE_20161015_org-225x300.jpg\" alt=\"Innside Jazz Blues\" width=\"225\" height=\"300\" srcset=\"https:\/\/www.innside.at\/wp-content\/uploads\/2016\/10\/20161015_INNSIDE_20161015_org-225x300.jpg 225w, https:\/\/www.innside.at\/wp-content\/uploads\/2016\/10\/20161015_INNSIDE_20161015_org.jpg 413w\" sizes=\"auto, (max-width: 225px) 100vw, 225px\" \/><\/a><\/p>\n<p><\/p>\n\n\n<p style=\"text-align:left\" class=\"has-large-font-size\">Innside Jazz Blues in Innsbruck !<\/p>\n","protected":false},"excerpt":{"rendered":"<p>NEXT Innside Jazz Blues EVENT live@innside ! Donnerstag 28. November 2019, 20:15 Uhr Kirchmair Quartett Rupert Kirchmair &#8211; Klavier Florian Bramb\u00f6ck &#8211; Saxophon Flo Baumgartner &#8211; Schlagzeug Johannes Sigl &#8211; Bass F\u00fcr die Besetzung seines Quartetts hat Rupert Kirchmair Routiniers &hellip; <a href=\"https:\/\/www.innside.at\/?p=521\">Weiterlesen <span class=\"meta-nav\">&rarr;<\/span><\/a><\/p>\n","protected":false},"author":3,"featured_media":0,"comment_status":"closed","ping_status":"closed","sticky":false,"template":"","format":"standard","meta":{"footnotes":""},"categories":[1],"tags":[],"class_list":["post-521","post","type-post","status-publish","format-standard","hentry","category-allgemein"],"yoast_head":"<!-- This site is optimized with the Yoast SEO Premium plugin v24.7 (Yoast SEO v26.8) - https:\/\/yoast.com\/product\/yoast-seo-premium-wordpress\/ -->\n<title>Innside Jazz Blues in Innsbruck Musik Blues Unterhaltung Bier Wein<\/title>\n<meta name=\"description\" content=\"Innside Jazz Blues in Innsbruck and more Musik Unterhaltung Live Musik Pilspub Pilsbar Bar Wein Bier Innsbruck Mariahillfstra\u00dfe Hotel Mondschein\" \/>\n<meta name=\"robots\" content=\"index, follow, max-snippet:-1, max-image-preview:large, max-video-preview:-1\" \/>\n<link rel=\"canonical\" href=\"https:\/\/www.innside.at\/?p=521\" \/>\n<meta property=\"og:locale\" content=\"de_DE\" \/>\n<meta property=\"og:type\" content=\"article\" \/>\n<meta property=\"og:title\" content=\"Innside Jazz Blues in Innsbruck !\" \/>\n<meta property=\"og:description\" content=\"Innside Jazz Blues in Innsbruck and more Musik Unterhaltung Live Musik Pilspub Pilsbar Bar Wein Bier Innsbruck Mariahillfstra\u00dfe Hotel Mondschein\" \/>\n<meta property=\"og:url\" content=\"https:\/\/www.innside.at\/?p=521\" \/>\n<meta property=\"og:site_name\" content=\"Innside Pilspub\" \/>\n<meta property=\"article:published_time\" content=\"2019-11-22T06:25:00+00:00\" \/>\n<meta property=\"article:modified_time\" content=\"2019-11-22T10:35:37+00:00\" \/>\n<meta property=\"og:image\" content=\"https:\/\/www.innside.at\/wp-content\/uploads\/2019\/04\/Heinz_wm-1024x696.jpg\" \/>\n<meta name=\"author\" content=\"Charlie\" \/>\n<meta name=\"twitter:card\" content=\"summary_large_image\" \/>\n<meta name=\"twitter:label1\" content=\"Verfasst von\" \/>\n\t<meta name=\"twitter:data1\" content=\"Charlie\" \/>\n\t<meta name=\"twitter:label2\" content=\"Gesch\u00e4tzte Lesezeit\" \/>\n\t<meta name=\"twitter:data2\" content=\"15\u00a0Minuten\" \/>\n<script type=\"application\/ld+json\" class=\"yoast-schema-graph\">{\"@context\":\"https:\/\/schema.org\",\"@graph\":[{\"@type\":\"Article\",\"@id\":\"https:\/\/www.innside.at\/?p=521#article\",\"isPartOf\":{\"@id\":\"https:\/\/www.innside.at\/?p=521\"},\"author\":{\"name\":\"Charlie\",\"@id\":\"https:\/\/www.innside.at\/#\/schema\/person\/173d5fcd8b7db4cd9f60183376a51d85\"},\"headline\":\"Innside Jazz Blues in Innsbruck !\",\"datePublished\":\"2019-11-22T06:25:00+00:00\",\"dateModified\":\"2019-11-22T10:35:37+00:00\",\"mainEntityOfPage\":{\"@id\":\"https:\/\/www.innside.at\/?p=521\"},\"wordCount\":3065,\"image\":{\"@id\":\"https:\/\/www.innside.at\/?p=521#primaryimage\"},\"thumbnailUrl\":\"https:\/\/www.innside.at\/wp-content\/uploads\/2019\/04\/Heinz_wm-1024x696.jpg\",\"inLanguage\":\"de\"},{\"@type\":\"WebPage\",\"@id\":\"https:\/\/www.innside.at\/?p=521\",\"url\":\"https:\/\/www.innside.at\/?p=521\",\"name\":\"Innside Jazz Blues in Innsbruck Musik Blues Unterhaltung Bier Wein\",\"isPartOf\":{\"@id\":\"https:\/\/www.innside.at\/#website\"},\"primaryImageOfPage\":{\"@id\":\"https:\/\/www.innside.at\/?p=521#primaryimage\"},\"image\":{\"@id\":\"https:\/\/www.innside.at\/?p=521#primaryimage\"},\"thumbnailUrl\":\"https:\/\/www.innside.at\/wp-content\/uploads\/2019\/04\/Heinz_wm-1024x696.jpg\",\"datePublished\":\"2019-11-22T06:25:00+00:00\",\"dateModified\":\"2019-11-22T10:35:37+00:00\",\"author\":{\"@id\":\"https:\/\/www.innside.at\/#\/schema\/person\/173d5fcd8b7db4cd9f60183376a51d85\"},\"description\":\"Innside Jazz Blues in Innsbruck and more Musik Unterhaltung Live Musik Pilspub Pilsbar Bar Wein Bier Innsbruck Mariahillfstra\u00dfe Hotel Mondschein\",\"breadcrumb\":{\"@id\":\"https:\/\/www.innside.at\/?p=521#breadcrumb\"},\"inLanguage\":\"de\",\"potentialAction\":[{\"@type\":\"ReadAction\",\"target\":[\"https:\/\/www.innside.at\/?p=521\"]}]},{\"@type\":\"ImageObject\",\"inLanguage\":\"de\",\"@id\":\"https:\/\/www.innside.at\/?p=521#primaryimage\",\"url\":\"https:\/\/www.innside.at\/wp-content\/uploads\/2019\/04\/Heinz_wm.jpg\",\"contentUrl\":\"https:\/\/www.innside.at\/wp-content\/uploads\/2019\/04\/Heinz_wm.jpg\",\"width\":1064,\"height\":723},{\"@type\":\"BreadcrumbList\",\"@id\":\"https:\/\/www.innside.at\/?p=521#breadcrumb\",\"itemListElement\":[{\"@type\":\"ListItem\",\"position\":1,\"name\":\"Home\",\"item\":\"https:\/\/www.innside.at\/\"},{\"@type\":\"ListItem\",\"position\":2,\"name\":\"Innside Jazz Blues in Innsbruck !\"}]},{\"@type\":\"WebSite\",\"@id\":\"https:\/\/www.innside.at\/#website\",\"url\":\"https:\/\/www.innside.at\/\",\"name\":\"Innside Pilspub\",\"description\":\"die Bar in Innsbruck Anpruggen mit Tradition und Flair ...\",\"potentialAction\":[{\"@type\":\"SearchAction\",\"target\":{\"@type\":\"EntryPoint\",\"urlTemplate\":\"https:\/\/www.innside.at\/?s={search_term_string}\"},\"query-input\":{\"@type\":\"PropertyValueSpecification\",\"valueRequired\":true,\"valueName\":\"search_term_string\"}}],\"inLanguage\":\"de\"},{\"@type\":\"Person\",\"@id\":\"https:\/\/www.innside.at\/#\/schema\/person\/173d5fcd8b7db4cd9f60183376a51d85\",\"name\":\"Charlie\",\"image\":{\"@type\":\"ImageObject\",\"inLanguage\":\"de\",\"@id\":\"https:\/\/www.innside.at\/#\/schema\/person\/image\/\",\"url\":\"https:\/\/secure.gravatar.com\/avatar\/36ceb478b5ba8c9aa119d1f0a1136603?s=96&d=mm&r=g\",\"contentUrl\":\"https:\/\/secure.gravatar.com\/avatar\/36ceb478b5ba8c9aa119d1f0a1136603?s=96&d=mm&r=g\",\"caption\":\"Charlie\"},\"url\":\"https:\/\/www.innside.at\/?author=3\"}]}<\/script>\n<!-- \/ Yoast SEO Premium plugin. -->","yoast_head_json":{"title":"Innside Jazz Blues in Innsbruck Musik Blues Unterhaltung Bier Wein","description":"Innside Jazz Blues in Innsbruck and more Musik Unterhaltung Live Musik Pilspub Pilsbar Bar Wein Bier Innsbruck Mariahillfstra\u00dfe Hotel Mondschein","robots":{"index":"index","follow":"follow","max-snippet":"max-snippet:-1","max-image-preview":"max-image-preview:large","max-video-preview":"max-video-preview:-1"},"canonical":"https:\/\/www.innside.at\/?p=521","og_locale":"de_DE","og_type":"article","og_title":"Innside Jazz Blues in Innsbruck !","og_description":"Innside Jazz Blues in Innsbruck and more Musik Unterhaltung Live Musik Pilspub Pilsbar Bar Wein Bier Innsbruck Mariahillfstra\u00dfe Hotel Mondschein","og_url":"https:\/\/www.innside.at\/?p=521","og_site_name":"Innside Pilspub","article_published_time":"2019-11-22T06:25:00+00:00","article_modified_time":"2019-11-22T10:35:37+00:00","og_image":[{"url":"https:\/\/www.innside.at\/wp-content\/uploads\/2019\/04\/Heinz_wm-1024x696.jpg","type":"","width":"","height":""}],"author":"Charlie","twitter_card":"summary_large_image","twitter_misc":{"Verfasst von":"Charlie","Gesch\u00e4tzte Lesezeit":"15\u00a0Minuten"},"schema":{"@context":"https:\/\/schema.org","@graph":[{"@type":"Article","@id":"https:\/\/www.innside.at\/?p=521#article","isPartOf":{"@id":"https:\/\/www.innside.at\/?p=521"},"author":{"name":"Charlie","@id":"https:\/\/www.innside.at\/#\/schema\/person\/173d5fcd8b7db4cd9f60183376a51d85"},"headline":"Innside Jazz Blues in Innsbruck !","datePublished":"2019-11-22T06:25:00+00:00","dateModified":"2019-11-22T10:35:37+00:00","mainEntityOfPage":{"@id":"https:\/\/www.innside.at\/?p=521"},"wordCount":3065,"image":{"@id":"https:\/\/www.innside.at\/?p=521#primaryimage"},"thumbnailUrl":"https:\/\/www.innside.at\/wp-content\/uploads\/2019\/04\/Heinz_wm-1024x696.jpg","inLanguage":"de"},{"@type":"WebPage","@id":"https:\/\/www.innside.at\/?p=521","url":"https:\/\/www.innside.at\/?p=521","name":"Innside Jazz Blues in Innsbruck Musik Blues Unterhaltung Bier Wein","isPartOf":{"@id":"https:\/\/www.innside.at\/#website"},"primaryImageOfPage":{"@id":"https:\/\/www.innside.at\/?p=521#primaryimage"},"image":{"@id":"https:\/\/www.innside.at\/?p=521#primaryimage"},"thumbnailUrl":"https:\/\/www.innside.at\/wp-content\/uploads\/2019\/04\/Heinz_wm-1024x696.jpg","datePublished":"2019-11-22T06:25:00+00:00","dateModified":"2019-11-22T10:35:37+00:00","author":{"@id":"https:\/\/www.innside.at\/#\/schema\/person\/173d5fcd8b7db4cd9f60183376a51d85"},"description":"Innside Jazz Blues in Innsbruck and more Musik Unterhaltung Live Musik Pilspub Pilsbar Bar Wein Bier Innsbruck Mariahillfstra\u00dfe Hotel Mondschein","breadcrumb":{"@id":"https:\/\/www.innside.at\/?p=521#breadcrumb"},"inLanguage":"de","potentialAction":[{"@type":"ReadAction","target":["https:\/\/www.innside.at\/?p=521"]}]},{"@type":"ImageObject","inLanguage":"de","@id":"https:\/\/www.innside.at\/?p=521#primaryimage","url":"https:\/\/www.innside.at\/wp-content\/uploads\/2019\/04\/Heinz_wm.jpg","contentUrl":"https:\/\/www.innside.at\/wp-content\/uploads\/2019\/04\/Heinz_wm.jpg","width":1064,"height":723},{"@type":"BreadcrumbList","@id":"https:\/\/www.innside.at\/?p=521#breadcrumb","itemListElement":[{"@type":"ListItem","position":1,"name":"Home","item":"https:\/\/www.innside.at\/"},{"@type":"ListItem","position":2,"name":"Innside Jazz Blues in Innsbruck !"}]},{"@type":"WebSite","@id":"https:\/\/www.innside.at\/#website","url":"https:\/\/www.innside.at\/","name":"Innside Pilspub","description":"die Bar in Innsbruck Anpruggen mit Tradition und Flair ...","potentialAction":[{"@type":"SearchAction","target":{"@type":"EntryPoint","urlTemplate":"https:\/\/www.innside.at\/?s={search_term_string}"},"query-input":{"@type":"PropertyValueSpecification","valueRequired":true,"valueName":"search_term_string"}}],"inLanguage":"de"},{"@type":"Person","@id":"https:\/\/www.innside.at\/#\/schema\/person\/173d5fcd8b7db4cd9f60183376a51d85","name":"Charlie","image":{"@type":"ImageObject","inLanguage":"de","@id":"https:\/\/www.innside.at\/#\/schema\/person\/image\/","url":"https:\/\/secure.gravatar.com\/avatar\/36ceb478b5ba8c9aa119d1f0a1136603?s=96&d=mm&r=g","contentUrl":"https:\/\/secure.gravatar.com\/avatar\/36ceb478b5ba8c9aa119d1f0a1136603?s=96&d=mm&r=g","caption":"Charlie"},"url":"https:\/\/www.innside.at\/?author=3"}]}},"jetpack_featured_media_url":"","_links":{"self":[{"href":"https:\/\/www.innside.at\/index.php?rest_route=\/wp\/v2\/posts\/521","targetHints":{"allow":["GET"]}}],"collection":[{"href":"https:\/\/www.innside.at\/index.php?rest_route=\/wp\/v2\/posts"}],"about":[{"href":"https:\/\/www.innside.at\/index.php?rest_route=\/wp\/v2\/types\/post"}],"author":[{"embeddable":true,"href":"https:\/\/www.innside.at\/index.php?rest_route=\/wp\/v2\/users\/3"}],"replies":[{"embeddable":true,"href":"https:\/\/www.innside.at\/index.php?rest_route=%2Fwp%2Fv2%2Fcomments&post=521"}],"version-history":[{"count":69,"href":"https:\/\/www.innside.at\/index.php?rest_route=\/wp\/v2\/posts\/521\/revisions"}],"predecessor-version":[{"id":748,"href":"https:\/\/www.innside.at\/index.php?rest_route=\/wp\/v2\/posts\/521\/revisions\/748"}],"wp:attachment":[{"href":"https:\/\/www.innside.at\/index.php?rest_route=%2Fwp%2Fv2%2Fmedia&parent=521"}],"wp:term":[{"taxonomy":"category","embeddable":true,"href":"https:\/\/www.innside.at\/index.php?rest_route=%2Fwp%2Fv2%2Fcategories&post=521"},{"taxonomy":"post_tag","embeddable":true,"href":"https:\/\/www.innside.at\/index.php?rest_route=%2Fwp%2Fv2%2Ftags&post=521"}],"curies":[{"name":"wp","href":"https:\/\/api.w.org\/{rel}","templated":true}]}}